{"id":34676,"date":"2026-03-11T15:42:37","date_gmt":"2026-03-11T14:42:37","guid":{"rendered":"https:\/\/www.idsp.fr\/?p=34676"},"modified":"2026-03-11T15:42:39","modified_gmt":"2026-03-11T14:42:39","slug":"des-eleves-de-lidsp-au-concours-de-lecture-des-ecoles-allemandes","status":"publish","type":"post","link":"https:\/\/www.idsp.fr\/fr\/des-eleves-de-lidsp-au-concours-de-lecture-des-ecoles-allemandes\/","title":{"rendered":"Des \u00e9l\u00e8ves de l\u2019iDSP au concours de lecture des \u00e9coles allemandes"},"content":{"rendered":"\n<style type=\"text\/css\" data-created_by=\"avia_inline_auto\" id=\"style-css-av-av_section-21c48b69e22c6432fc4a661b10db35ad\">\n.avia-section.av-av_section-21c48b69e22c6432fc4a661b10db35ad{\nbackground-color:#024d7d;\nbackground-image:unset;\n}\n<\/style>\n<div id='av_section_1'  class='avia-section av-av_section-21c48b69e22c6432fc4a661b10db35ad main_color avia-section-small avia-no-border-styling  avia-builder-el-0  el_before_av_heading  avia-builder-el-first  avia-bg-style-scroll av-minimum-height av-minimum-height-custom av-height-custom  container_wrap sidebar_right'   data-av_minimum_height_px='100'><div class='container av-section-cont-open' style='height:100px'><main  role=\"main\" itemprop=\"mainContentOfPage\"  class='template-page content  av-content-small alpha units'><div class='post-entry post-entry-type-page post-entry-34676'><div class='entry-content-wrapper clearfix'>\n\n<style type=\"text\/css\" data-created_by=\"avia_inline_auto\" id=\"style-css-av-mmm5coac-013979a4da4ba792d4e5b055b74f6a54\">\n#top .av-special-heading.av-mmm5coac-013979a4da4ba792d4e5b055b74f6a54{\npadding-bottom:10px;\ncolor:#ffffff;\n}\nbody .av-special-heading.av-mmm5coac-013979a4da4ba792d4e5b055b74f6a54 .av-special-heading-tag .heading-char{\nfont-size:25px;\n}\n.av-special-heading.av-mmm5coac-013979a4da4ba792d4e5b055b74f6a54 .special-heading-inner-border{\nborder-color:#ffffff;\n}\n.av-special-heading.av-mmm5coac-013979a4da4ba792d4e5b055b74f6a54 .av-subheading{\nfont-size:15px;\n}\n<\/style>\n<div  class='av-special-heading av-mmm5coac-013979a4da4ba792d4e5b055b74f6a54 av-special-heading-h2 custom-color-heading  avia-builder-el-1  avia-builder-el-no-sibling '><h2 class='av-special-heading-tag '  itemprop=\"headline\"  >Actualit\u00e9s du secondaire<\/h2><div class=\"special-heading-border\"><div class=\"special-heading-inner-border\"><\/div><\/div><\/div>\n<\/div><\/div><\/main><!-- close content main element --><\/div><\/div><div id='after_section_1'  class='main_color av_default_container_wrap container_wrap sidebar_right'  ><div class='container av-section-cont-open' ><div class='template-page content  av-content-small alpha units'><div class='post-entry post-entry-type-page post-entry-34676'><div class='entry-content-wrapper clearfix'>\n<style type=\"text\/css\" data-created_by=\"avia_inline_auto\" id=\"style-css-av-mmm5cya2-468bf22e4f0474b6287d2328c9a370b9\">\n#top .av-special-heading.av-mmm5cya2-468bf22e4f0474b6287d2328c9a370b9{\npadding-bottom:25px;\n}\nbody .av-special-heading.av-mmm5cya2-468bf22e4f0474b6287d2328c9a370b9 .av-special-heading-tag .heading-char{\nfont-size:25px;\n}\n.av-special-heading.av-mmm5cya2-468bf22e4f0474b6287d2328c9a370b9 .av-subheading{\nfont-size:15px;\n}\n<\/style>\n<div  class='av-special-heading av-mmm5cya2-468bf22e4f0474b6287d2328c9a370b9 av-special-heading-h1 blockquote modern-quote  avia-builder-el-2  el_after_av_section  el_before_av_textblock  avia-builder-el-first '><h1 class='av-special-heading-tag '  itemprop=\"headline\"  >Des \u00e9l\u00e8ves de l\u2019iDSP au concours de lecture des \u00e9coles allemandes<\/h1><div class='av-subheading av-subheading_below'><p>par Malaika Schumacher<\/p>\n<\/div><div class=\"special-heading-border\"><div class=\"special-heading-inner-border\"><\/div><\/div><\/div><\/p>\n<section  class='av_textblock_section av-mmm5e4fe-627abdd1801ea433211a9ddd405f2b6b '   itemscope=\"itemscope\" itemtype=\"https:\/\/schema.org\/BlogPosting\" itemprop=\"blogPost\" ><div class='avia_textblock'  itemprop=\"text\" ><blockquote>\n<p>Le mercredi 11 mars, les classes de 5a, 5b et 6a ont particip\u00e9 au <strong>concours annuel de lecture des \u00e9coles allemandes<\/strong>. Cette ann\u00e9e, la rencontre avait lieu \u00e0 Buc.<\/p>\n<\/blockquote>\n<p><strong>Pour l\u2019iDSP, les repr\u00e9sentants \u00e9taient les laur\u00e9ats de leurs classes : Noah (6a) et Zo\u00e9 (5b)<\/strong>. Ils ont lu aux c\u00f4t\u00e9s de quatre autres candidats venus de Saint-Germain-en-Laye et de Buc.<\/p>\n<p>Tous les participants ont pr\u00e9sent\u00e9 des livres passionnants et ont fait preuve de beaucoup de talent dans l\u2019art de la lecture \u00e0 voix haute, si bien que le jury n\u2019a pas eu la t\u00e2che facile. M\u00eame si les premiers prix ne sont pas revenus \u00e0 notre \u00e9cole cette ann\u00e9e, les camarades qui les accompagnaient \u00e9taient unanimes : nos candidats ont livr\u00e9 une tr\u00e8s belle prestation et ont repr\u00e9sent\u00e9 l\u2019iDSP avec brio.<\/p>\n<\/div><\/section>\n\n<style type=\"text\/css\" data-created_by=\"avia_inline_auto\" id=\"style-css-av-av_hr-ecec01c1a62feb8bfc9f43a45319c97d\">\n#top .hr.hr-invisible.av-av_hr-ecec01c1a62feb8bfc9f43a45319c97d{\nheight:25px;\n}\n<\/style>\n<div  class='hr av-av_hr-ecec01c1a62feb8bfc9f43a45319c97d hr-invisible  avia-builder-el-4  el_after_av_textblock  el_before_av_one_full '><span class='hr-inner '><span class=\"hr-inner-style\"><\/span><\/span><\/div>\n<div  class='flex_column av-av_one_full-a2cef933b0a555f25d1e39b22a8e9dae av_one_full  avia-builder-el-5  el_after_av_hr  el_before_av_hr  first flex_column_div  '     ><div id='av-masonry-1' class='av-masonry av-av_masonry_gallery-144523a081e2ef00c7a272ac4f19edbc noHover av-fixed-size av-1px-gap av-hover-overlay- av-masonry-animation-active av-masonry-col-3 av-caption-always av-caption-style- av-masonry-gallery ' data-post_id=\"34676\"><div class=\"av-masonry-container isotope av-js-disabled\"><div class='av-masonry-entry isotope-item av-masonry-item-no-image '><\/div><a href=\"https:\/\/www.idsp.fr\/wp-content\/uploads\/2026\/03\/693b9347-824a-4aaf-bb33-02061f449b891-1030x607.webp\" data-srcset=\"https:\/\/www.idsp.fr\/wp-content\/uploads\/2026\/03\/693b9347-824a-4aaf-bb33-02061f449b891-1030x607.webp 1030w, https:\/\/www.idsp.fr\/wp-content\/uploads\/2026\/03\/693b9347-824a-4aaf-bb33-02061f449b891-340x200.webp 340w, https:\/\/www.idsp.fr\/wp-content\/uploads\/2026\/03\/693b9347-824a-4aaf-bb33-02061f449b891-768x453.webp 768w, https:\/\/www.idsp.fr\/wp-content\/uploads\/2026\/03\/693b9347-824a-4aaf-bb33-02061f449b891-705x415.webp 705w, https:\/\/www.idsp.fr\/wp-content\/uploads\/2026\/03\/693b9347-824a-4aaf-bb33-02061f449b891.webp 1500w\" data-sizes=\"(max-width: 1030px) 100vw, 1030px\"  aria-label=\"image 693b9347-824a-4aaf-bb33-02061f449b89~1\"  id='av-masonry-1-item-34673' data-av-masonry-item='34673' class='av-masonry-entry isotope-item post-34673 attachment type-attachment status-inherit hentry  av-masonry-item-with-image' title=\"693b9347-824a-4aaf-bb33-02061f449b89~1\" alt=\"\"    itemprop=\"thumbnailUrl\" ><div class='av-inner-masonry-sizer'><\/div><figure class='av-inner-masonry main_color'><div class=\"av-masonry-outerimage-container\"><div class='av-masonry-image-container' style=\"background-image: url(https:\/\/www.idsp.fr\/wp-content\/uploads\/2026\/03\/693b9347-824a-4aaf-bb33-02061f449b891-705x415.webp);\"  title=\"693b9347-824a-4aaf-bb33-02061f449b89~1\" ><\/div><\/div><\/figure><\/a><!--end av-masonry entry--><a href=\"https:\/\/www.idsp.fr\/wp-content\/uploads\/2026\/03\/7ba7b5b0-6b3b-4031-bfce-84aae8ca00951-1030x638.webp\" data-srcset=\"https:\/\/www.idsp.fr\/wp-content\/uploads\/2026\/03\/7ba7b5b0-6b3b-4031-bfce-84aae8ca00951-1030x638.webp 1030w, https:\/\/www.idsp.fr\/wp-content\/uploads\/2026\/03\/7ba7b5b0-6b3b-4031-bfce-84aae8ca00951-340x211.webp 340w, https:\/\/www.idsp.fr\/wp-content\/uploads\/2026\/03\/7ba7b5b0-6b3b-4031-bfce-84aae8ca00951-768x476.webp 768w, https:\/\/www.idsp.fr\/wp-content\/uploads\/2026\/03\/7ba7b5b0-6b3b-4031-bfce-84aae8ca00951-705x437.webp 705w, https:\/\/www.idsp.fr\/wp-content\/uploads\/2026\/03\/7ba7b5b0-6b3b-4031-bfce-84aae8ca00951.webp 1500w\" data-sizes=\"(max-width: 1030px) 100vw, 1030px\"  aria-label=\"image 7ba7b5b0-6b3b-4031-bfce-84aae8ca0095~1\"  id='av-masonry-1-item-34671' data-av-masonry-item='34671' class='av-masonry-entry isotope-item post-34671 attachment type-attachment status-inherit hentry  av-masonry-item-with-image' title=\"7ba7b5b0-6b3b-4031-bfce-84aae8ca0095~1\" alt=\"\"    itemprop=\"thumbnailUrl\" ><div class='av-inner-masonry-sizer'><\/div><figure class='av-inner-masonry main_color'><div class=\"av-masonry-outerimage-container\"><div class='av-masonry-image-container' style=\"background-image: url(https:\/\/www.idsp.fr\/wp-content\/uploads\/2026\/03\/7ba7b5b0-6b3b-4031-bfce-84aae8ca00951-705x437.webp);\"  title=\"7ba7b5b0-6b3b-4031-bfce-84aae8ca0095~1\" ><\/div><\/div><\/figure><\/a><!--end av-masonry entry--><a href=\"https:\/\/www.idsp.fr\/wp-content\/uploads\/2026\/03\/e848320d-27e9-4eee-a923-7805943cceaf1-1030x746.webp\" data-srcset=\"https:\/\/www.idsp.fr\/wp-content\/uploads\/2026\/03\/e848320d-27e9-4eee-a923-7805943cceaf1-1030x746.webp 1030w, https:\/\/www.idsp.fr\/wp-content\/uploads\/2026\/03\/e848320d-27e9-4eee-a923-7805943cceaf1-340x246.webp 340w, https:\/\/www.idsp.fr\/wp-content\/uploads\/2026\/03\/e848320d-27e9-4eee-a923-7805943cceaf1-768x556.webp 768w, https:\/\/www.idsp.fr\/wp-content\/uploads\/2026\/03\/e848320d-27e9-4eee-a923-7805943cceaf1-705x510.webp 705w, https:\/\/www.idsp.fr\/wp-content\/uploads\/2026\/03\/e848320d-27e9-4eee-a923-7805943cceaf1.webp 1500w\" data-sizes=\"(max-width: 1030px) 100vw, 1030px\"  aria-label=\"image e848320d-27e9-4eee-a923-7805943cceaf~1\"  id='av-masonry-1-item-34669' data-av-masonry-item='34669' class='av-masonry-entry isotope-item post-34669 attachment type-attachment status-inherit hentry  av-masonry-item-with-image' title=\"e848320d-27e9-4eee-a923-7805943cceaf~1\" alt=\"\"    itemprop=\"thumbnailUrl\" ><div class='av-inner-masonry-sizer'><\/div><figure class='av-inner-masonry main_color'><div class=\"av-masonry-outerimage-container\"><div class='av-masonry-image-container' style=\"background-image: url(https:\/\/www.idsp.fr\/wp-content\/uploads\/2026\/03\/e848320d-27e9-4eee-a923-7805943cceaf1-705x510.webp);\"  title=\"e848320d-27e9-4eee-a923-7805943cceaf~1\" ><\/div><\/div><\/figure><\/a><!--end av-masonry entry--><\/div><\/div><\/div>\n\n<style type=\"text\/css\" data-created_by=\"avia_inline_auto\" id=\"style-css-av-av_hr-ecec01c1a62feb8bfc9f43a45319c97d\">\n#top .hr.hr-invisible.av-av_hr-ecec01c1a62feb8bfc9f43a45319c97d{\nheight:25px;\n}\n<\/style>\n<div  class='hr av-av_hr-ecec01c1a62feb8bfc9f43a45319c97d hr-invisible  avia-builder-el-7  el_after_av_one_full  avia-builder-el-last '><span class='hr-inner '><span class=\"hr-inner-style\"><\/span><\/span><\/div>\n","protected":false},"excerpt":{"rendered":"","protected":false},"author":3,"featured_media":34669,"comment_status":"closed","ping_status":"closed","sticky":false,"template":"","format":"standard","meta":{"footnotes":""},"categories":[22,23],"tags":[],"class_list":["post-34676","post","type-post","status-publish","format-standard","has-post-thumbnail","hentry","category-actualites-secondaire","category-actualites-idsp"],"yoast_head":"<!-- This site is optimized with the Yoast SEO plugin v27.4 - https:\/\/yoast.com\/product\/yoast-seo-wordpress\/ -->\n<title>Des \u00e9l\u00e8ves de l\u2019iDSP au concours de lecture des \u00e9coles allemandes - iDSP - La Schule - Internationale Deutsche Schule Paris<\/title>\n<meta name=\"robots\" content=\"index, follow, max-snippet:-1, max-image-preview:large, max-video-preview:-1\" \/>\n<link rel=\"canonical\" href=\"https:\/\/www.idsp.fr\/fr\/des-eleves-de-lidsp-au-concours-de-lecture-des-ecoles-allemandes\/\" \/>\n<meta property=\"og:locale\" content=\"fr_FR\" \/>\n<meta property=\"og:type\" content=\"article\" \/>\n<meta property=\"og:title\" content=\"Des \u00e9l\u00e8ves de l\u2019iDSP au concours de lecture des \u00e9coles allemandes - iDSP - La Schule - Internationale Deutsche Schule Paris\" \/>\n<meta property=\"og:url\" content=\"https:\/\/www.idsp.fr\/fr\/des-eleves-de-lidsp-au-concours-de-lecture-des-ecoles-allemandes\/\" \/>\n<meta property=\"og:site_name\" content=\"iDSP - La Schule - Internationale Deutsche Schule Paris\" \/>\n<meta property=\"article:published_time\" content=\"2026-03-11T14:42:37+00:00\" \/>\n<meta property=\"article:modified_time\" content=\"2026-03-11T14:42:39+00:00\" \/>\n<meta property=\"og:image\" content=\"https:\/\/www.idsp.fr\/wp-content\/uploads\/2026\/03\/e848320d-27e9-4eee-a923-7805943cceaf1.webp\" \/>\n\t<meta property=\"og:image:width\" content=\"1500\" \/>\n\t<meta property=\"og:image:height\" content=\"1086\" \/>\n\t<meta property=\"og:image:type\" content=\"image\/webp\" \/>\n<meta name=\"author\" content=\"Marketing Kommunikation\" \/>\n<meta name=\"twitter:card\" content=\"summary_large_image\" \/>\n<meta name=\"twitter:label1\" content=\"\u00c9crit par\" \/>\n\t<meta name=\"twitter:data1\" content=\"Marketing Kommunikation\" \/>\n\t<meta name=\"twitter:label2\" content=\"Dur\u00e9e de lecture estim\u00e9e\" \/>\n\t<meta name=\"twitter:data2\" content=\"1 minute\" \/>\n<script type=\"application\/ld+json\" class=\"yoast-schema-graph\">{\"@context\":\"https:\\\/\\\/schema.org\",\"@graph\":[{\"@type\":\"Article\",\"@id\":\"https:\\\/\\\/www.idsp.fr\\\/fr\\\/des-eleves-de-lidsp-au-concours-de-lecture-des-ecoles-allemandes\\\/#article\",\"isPartOf\":{\"@id\":\"https:\\\/\\\/www.idsp.fr\\\/fr\\\/des-eleves-de-lidsp-au-concours-de-lecture-des-ecoles-allemandes\\\/\"},\"author\":{\"name\":\"Marketing Kommunikation\",\"@id\":\"https:\\\/\\\/www.idsp.fr\\\/#\\\/schema\\\/person\\\/0517169a22659999c4e182efcc674811\"},\"headline\":\"Des \u00e9l\u00e8ves de l\u2019iDSP au concours de lecture des \u00e9coles allemandes\",\"datePublished\":\"2026-03-11T14:42:37+00:00\",\"dateModified\":\"2026-03-11T14:42:39+00:00\",\"mainEntityOfPage\":{\"@id\":\"https:\\\/\\\/www.idsp.fr\\\/fr\\\/des-eleves-de-lidsp-au-concours-de-lecture-des-ecoles-allemandes\\\/\"},\"wordCount\":1165,\"image\":{\"@id\":\"https:\\\/\\\/www.idsp.fr\\\/fr\\\/des-eleves-de-lidsp-au-concours-de-lecture-des-ecoles-allemandes\\\/#primaryimage\"},\"thumbnailUrl\":\"https:\\\/\\\/www.idsp.fr\\\/wp-content\\\/uploads\\\/2026\\\/03\\\/e848320d-27e9-4eee-a923-7805943cceaf1.webp\",\"articleSection\":[\"Actualit\u00e9s du secondaire\",\"Actualit\u00e9s iDSP\"],\"inLanguage\":\"fr-FR\"},{\"@type\":\"WebPage\",\"@id\":\"https:\\\/\\\/www.idsp.fr\\\/fr\\\/des-eleves-de-lidsp-au-concours-de-lecture-des-ecoles-allemandes\\\/\",\"url\":\"https:\\\/\\\/www.idsp.fr\\\/fr\\\/des-eleves-de-lidsp-au-concours-de-lecture-des-ecoles-allemandes\\\/\",\"name\":\"Des \u00e9l\u00e8ves de l\u2019iDSP au concours de lecture des \u00e9coles allemandes - iDSP - La Schule - Internationale Deutsche Schule Paris\",\"isPartOf\":{\"@id\":\"https:\\\/\\\/www.idsp.fr\\\/#website\"},\"primaryImageOfPage\":{\"@id\":\"https:\\\/\\\/www.idsp.fr\\\/fr\\\/des-eleves-de-lidsp-au-concours-de-lecture-des-ecoles-allemandes\\\/#primaryimage\"},\"image\":{\"@id\":\"https:\\\/\\\/www.idsp.fr\\\/fr\\\/des-eleves-de-lidsp-au-concours-de-lecture-des-ecoles-allemandes\\\/#primaryimage\"},\"thumbnailUrl\":\"https:\\\/\\\/www.idsp.fr\\\/wp-content\\\/uploads\\\/2026\\\/03\\\/e848320d-27e9-4eee-a923-7805943cceaf1.webp\",\"datePublished\":\"2026-03-11T14:42:37+00:00\",\"dateModified\":\"2026-03-11T14:42:39+00:00\",\"author\":{\"@id\":\"https:\\\/\\\/www.idsp.fr\\\/#\\\/schema\\\/person\\\/0517169a22659999c4e182efcc674811\"},\"breadcrumb\":{\"@id\":\"https:\\\/\\\/www.idsp.fr\\\/fr\\\/des-eleves-de-lidsp-au-concours-de-lecture-des-ecoles-allemandes\\\/#breadcrumb\"},\"inLanguage\":\"fr-FR\",\"potentialAction\":[{\"@type\":\"ReadAction\",\"target\":[\"https:\\\/\\\/www.idsp.fr\\\/fr\\\/des-eleves-de-lidsp-au-concours-de-lecture-des-ecoles-allemandes\\\/\"]}]},{\"@type\":\"ImageObject\",\"inLanguage\":\"fr-FR\",\"@id\":\"https:\\\/\\\/www.idsp.fr\\\/fr\\\/des-eleves-de-lidsp-au-concours-de-lecture-des-ecoles-allemandes\\\/#primaryimage\",\"url\":\"https:\\\/\\\/www.idsp.fr\\\/wp-content\\\/uploads\\\/2026\\\/03\\\/e848320d-27e9-4eee-a923-7805943cceaf1.webp\",\"contentUrl\":\"https:\\\/\\\/www.idsp.fr\\\/wp-content\\\/uploads\\\/2026\\\/03\\\/e848320d-27e9-4eee-a923-7805943cceaf1.webp\",\"width\":1500,\"height\":1086},{\"@type\":\"BreadcrumbList\",\"@id\":\"https:\\\/\\\/www.idsp.fr\\\/fr\\\/des-eleves-de-lidsp-au-concours-de-lecture-des-ecoles-allemandes\\\/#breadcrumb\",\"itemListElement\":[{\"@type\":\"ListItem\",\"position\":1,\"name\":\"Startseite\",\"item\":\"https:\\\/\\\/www.idsp.fr\\\/fr\\\/idsp-ecole-allemande-internationale-de-paris\\\/\"},{\"@type\":\"ListItem\",\"position\":2,\"name\":\"Des \u00e9l\u00e8ves de l\u2019iDSP au concours de lecture des \u00e9coles allemandes\"}]},{\"@type\":\"WebSite\",\"@id\":\"https:\\\/\\\/www.idsp.fr\\\/#website\",\"url\":\"https:\\\/\\\/www.idsp.fr\\\/\",\"name\":\"iDSP - La Schule - Internationale Deutsche Schule Paris\",\"description\":\"\",\"potentialAction\":[{\"@type\":\"SearchAction\",\"target\":{\"@type\":\"EntryPoint\",\"urlTemplate\":\"https:\\\/\\\/www.idsp.fr\\\/?s={search_term_string}\"},\"query-input\":{\"@type\":\"PropertyValueSpecification\",\"valueRequired\":true,\"valueName\":\"search_term_string\"}}],\"inLanguage\":\"fr-FR\"},{\"@type\":\"Person\",\"@id\":\"https:\\\/\\\/www.idsp.fr\\\/#\\\/schema\\\/person\\\/0517169a22659999c4e182efcc674811\",\"name\":\"Marketing Kommunikation\",\"url\":\"https:\\\/\\\/www.idsp.fr\\\/fr\\\/author\\\/celine\\\/\"}]}<\/script>\n<!-- \/ Yoast SEO plugin. -->","yoast_head_json":{"title":"Des \u00e9l\u00e8ves de l\u2019iDSP au concours de lecture des \u00e9coles allemandes - iDSP - La Schule - Internationale Deutsche Schule Paris","robots":{"index":"index","follow":"follow","max-snippet":"max-snippet:-1","max-image-preview":"max-image-preview:large","max-video-preview":"max-video-preview:-1"},"canonical":"https:\/\/www.idsp.fr\/fr\/des-eleves-de-lidsp-au-concours-de-lecture-des-ecoles-allemandes\/","og_locale":"fr_FR","og_type":"article","og_title":"Des \u00e9l\u00e8ves de l\u2019iDSP au concours de lecture des \u00e9coles allemandes - iDSP - La Schule - Internationale Deutsche Schule Paris","og_url":"https:\/\/www.idsp.fr\/fr\/des-eleves-de-lidsp-au-concours-de-lecture-des-ecoles-allemandes\/","og_site_name":"iDSP - La Schule - Internationale Deutsche Schule Paris","article_published_time":"2026-03-11T14:42:37+00:00","article_modified_time":"2026-03-11T14:42:39+00:00","og_image":[{"width":1500,"height":1086,"url":"https:\/\/www.idsp.fr\/wp-content\/uploads\/2026\/03\/e848320d-27e9-4eee-a923-7805943cceaf1.webp","type":"image\/webp"}],"author":"Marketing Kommunikation","twitter_card":"summary_large_image","twitter_misc":{"\u00c9crit par":"Marketing Kommunikation","Dur\u00e9e de lecture estim\u00e9e":"1 minute"},"schema":{"@context":"https:\/\/schema.org","@graph":[{"@type":"Article","@id":"https:\/\/www.idsp.fr\/fr\/des-eleves-de-lidsp-au-concours-de-lecture-des-ecoles-allemandes\/#article","isPartOf":{"@id":"https:\/\/www.idsp.fr\/fr\/des-eleves-de-lidsp-au-concours-de-lecture-des-ecoles-allemandes\/"},"author":{"name":"Marketing Kommunikation","@id":"https:\/\/www.idsp.fr\/#\/schema\/person\/0517169a22659999c4e182efcc674811"},"headline":"Des \u00e9l\u00e8ves de l\u2019iDSP au concours de lecture des \u00e9coles allemandes","datePublished":"2026-03-11T14:42:37+00:00","dateModified":"2026-03-11T14:42:39+00:00","mainEntityOfPage":{"@id":"https:\/\/www.idsp.fr\/fr\/des-eleves-de-lidsp-au-concours-de-lecture-des-ecoles-allemandes\/"},"wordCount":1165,"image":{"@id":"https:\/\/www.idsp.fr\/fr\/des-eleves-de-lidsp-au-concours-de-lecture-des-ecoles-allemandes\/#primaryimage"},"thumbnailUrl":"https:\/\/www.idsp.fr\/wp-content\/uploads\/2026\/03\/e848320d-27e9-4eee-a923-7805943cceaf1.webp","articleSection":["Actualit\u00e9s du secondaire","Actualit\u00e9s iDSP"],"inLanguage":"fr-FR"},{"@type":"WebPage","@id":"https:\/\/www.idsp.fr\/fr\/des-eleves-de-lidsp-au-concours-de-lecture-des-ecoles-allemandes\/","url":"https:\/\/www.idsp.fr\/fr\/des-eleves-de-lidsp-au-concours-de-lecture-des-ecoles-allemandes\/","name":"Des \u00e9l\u00e8ves de l\u2019iDSP au concours de lecture des \u00e9coles allemandes - iDSP - La Schule - Internationale Deutsche Schule Paris","isPartOf":{"@id":"https:\/\/www.idsp.fr\/#website"},"primaryImageOfPage":{"@id":"https:\/\/www.idsp.fr\/fr\/des-eleves-de-lidsp-au-concours-de-lecture-des-ecoles-allemandes\/#primaryimage"},"image":{"@id":"https:\/\/www.idsp.fr\/fr\/des-eleves-de-lidsp-au-concours-de-lecture-des-ecoles-allemandes\/#primaryimage"},"thumbnailUrl":"https:\/\/www.idsp.fr\/wp-content\/uploads\/2026\/03\/e848320d-27e9-4eee-a923-7805943cceaf1.webp","datePublished":"2026-03-11T14:42:37+00:00","dateModified":"2026-03-11T14:42:39+00:00","author":{"@id":"https:\/\/www.idsp.fr\/#\/schema\/person\/0517169a22659999c4e182efcc674811"},"breadcrumb":{"@id":"https:\/\/www.idsp.fr\/fr\/des-eleves-de-lidsp-au-concours-de-lecture-des-ecoles-allemandes\/#breadcrumb"},"inLanguage":"fr-FR","potentialAction":[{"@type":"ReadAction","target":["https:\/\/www.idsp.fr\/fr\/des-eleves-de-lidsp-au-concours-de-lecture-des-ecoles-allemandes\/"]}]},{"@type":"ImageObject","inLanguage":"fr-FR","@id":"https:\/\/www.idsp.fr\/fr\/des-eleves-de-lidsp-au-concours-de-lecture-des-ecoles-allemandes\/#primaryimage","url":"https:\/\/www.idsp.fr\/wp-content\/uploads\/2026\/03\/e848320d-27e9-4eee-a923-7805943cceaf1.webp","contentUrl":"https:\/\/www.idsp.fr\/wp-content\/uploads\/2026\/03\/e848320d-27e9-4eee-a923-7805943cceaf1.webp","width":1500,"height":1086},{"@type":"BreadcrumbList","@id":"https:\/\/www.idsp.fr\/fr\/des-eleves-de-lidsp-au-concours-de-lecture-des-ecoles-allemandes\/#breadcrumb","itemListElement":[{"@type":"ListItem","position":1,"name":"Startseite","item":"https:\/\/www.idsp.fr\/fr\/idsp-ecole-allemande-internationale-de-paris\/"},{"@type":"ListItem","position":2,"name":"Des \u00e9l\u00e8ves de l\u2019iDSP au concours de lecture des \u00e9coles allemandes"}]},{"@type":"WebSite","@id":"https:\/\/www.idsp.fr\/#website","url":"https:\/\/www.idsp.fr\/","name":"iDSP - La Schule - Internationale Deutsche Schule Paris","description":"","potentialAction":[{"@type":"SearchAction","target":{"@type":"EntryPoint","urlTemplate":"https:\/\/www.idsp.fr\/?s={search_term_string}"},"query-input":{"@type":"PropertyValueSpecification","valueRequired":true,"valueName":"search_term_string"}}],"inLanguage":"fr-FR"},{"@type":"Person","@id":"https:\/\/www.idsp.fr\/#\/schema\/person\/0517169a22659999c4e182efcc674811","name":"Marketing Kommunikation","url":"https:\/\/www.idsp.fr\/fr\/author\/celine\/"}]}},"_links":{"self":[{"href":"https:\/\/www.idsp.fr\/fr\/wp-json\/wp\/v2\/posts\/34676","targetHints":{"allow":["GET"]}}],"collection":[{"href":"https:\/\/www.idsp.fr\/fr\/wp-json\/wp\/v2\/posts"}],"about":[{"href":"https:\/\/www.idsp.fr\/fr\/wp-json\/wp\/v2\/types\/post"}],"author":[{"embeddable":true,"href":"https:\/\/www.idsp.fr\/fr\/wp-json\/wp\/v2\/users\/3"}],"replies":[{"embeddable":true,"href":"https:\/\/www.idsp.fr\/fr\/wp-json\/wp\/v2\/comments?post=34676"}],"version-history":[{"count":4,"href":"https:\/\/www.idsp.fr\/fr\/wp-json\/wp\/v2\/posts\/34676\/revisions"}],"predecessor-version":[{"id":34680,"href":"https:\/\/www.idsp.fr\/fr\/wp-json\/wp\/v2\/posts\/34676\/revisions\/34680"}],"wp:featuredmedia":[{"embeddable":true,"href":"https:\/\/www.idsp.fr\/fr\/wp-json\/wp\/v2\/media\/34669"}],"wp:attachment":[{"href":"https:\/\/www.idsp.fr\/fr\/wp-json\/wp\/v2\/media?parent=34676"}],"wp:term":[{"taxonomy":"category","embeddable":true,"href":"https:\/\/www.idsp.fr\/fr\/wp-json\/wp\/v2\/categories?post=34676"},{"taxonomy":"post_tag","embeddable":true,"href":"https:\/\/www.idsp.fr\/fr\/wp-json\/wp\/v2\/tags?post=34676"}],"curies":[{"name":"wp","href":"https:\/\/api.w.org\/{rel}","templated":true}]}}