{"id":34653,"date":"2026-03-12T12:57:44","date_gmt":"2026-03-12T11:57:44","guid":{"rendered":"https:\/\/www.idsp.fr\/?p=34653"},"modified":"2026-03-13T07:02:47","modified_gmt":"2026-03-13T06:02:47","slug":"des-eleves-de-lidsp-remportent-un-prix-au-concours-federal-deducation-politique","status":"publish","type":"post","link":"https:\/\/www.idsp.fr\/fr\/des-eleves-de-lidsp-remportent-un-prix-au-concours-federal-deducation-politique\/","title":{"rendered":"Des \u00e9l\u00e8ves de l\u2019iDSP remportent un prix au concours f\u00e9d\u00e9ral d\u2019\u00e9ducation politique"},"content":{"rendered":"\n<style type=\"text\/css\" data-created_by=\"avia_inline_auto\" id=\"style-css-av-2ame2ot-c4b47f1d6ee052200de183e69bf85616\">\n.avia-section.av-2ame2ot-c4b47f1d6ee052200de183e69bf85616{\nbackground-color:#024d7d;\nbackground-image:unset;\n}\n<\/style>\n<div id='av_section_1'  class='avia-section av-2ame2ot-c4b47f1d6ee052200de183e69bf85616 main_color avia-section-small avia-no-border-styling  avia-builder-el-0  el_before_av_heading  avia-builder-el-first  avia-bg-style-scroll av-minimum-height av-minimum-height-custom av-height-custom  container_wrap sidebar_right'   data-av_minimum_height_px='100'><div class='container av-section-cont-open' style='height:100px'><main  role=\"main\" itemprop=\"mainContentOfPage\"  class='template-page content  av-content-small alpha units'><div class='post-entry post-entry-type-page post-entry-34653'><div class='entry-content-wrapper clearfix'>\n\n<style type=\"text\/css\" data-created_by=\"avia_inline_auto\" id=\"style-css-av-mmm3xbha-8f1a400e796a2819da52fa47bc5bef32\">\n#top .av-special-heading.av-mmm3xbha-8f1a400e796a2819da52fa47bc5bef32{\npadding-bottom:10px;\ncolor:#ffffff;\n}\nbody .av-special-heading.av-mmm3xbha-8f1a400e796a2819da52fa47bc5bef32 .av-special-heading-tag .heading-char{\nfont-size:25px;\n}\n.av-special-heading.av-mmm3xbha-8f1a400e796a2819da52fa47bc5bef32 .special-heading-inner-border{\nborder-color:#ffffff;\n}\n.av-special-heading.av-mmm3xbha-8f1a400e796a2819da52fa47bc5bef32 .av-subheading{\nfont-size:15px;\n}\n<\/style>\n<div  class='av-special-heading av-mmm3xbha-8f1a400e796a2819da52fa47bc5bef32 av-special-heading-h2 custom-color-heading  avia-builder-el-1  avia-builder-el-no-sibling '><h2 class='av-special-heading-tag '  itemprop=\"headline\"  >Actualit\u00e9s du secondaire<\/h2><div class=\"special-heading-border\"><div class=\"special-heading-inner-border\"><\/div><\/div><\/div>\n<\/div><\/div><\/main><!-- close content main element --><\/div><\/div><div id='after_section_1'  class='main_color av_default_container_wrap container_wrap sidebar_right'  ><div class='container av-section-cont-open' ><div class='template-page content  av-content-small alpha units'><div class='post-entry post-entry-type-page post-entry-34653'><div class='entry-content-wrapper clearfix'>\n\n<style type=\"text\/css\" data-created_by=\"avia_inline_auto\" id=\"style-css-av-mmm3htot-c234ce1a7d0356928457a17556dcf7a0\">\n#top .av-special-heading.av-mmm3htot-c234ce1a7d0356928457a17556dcf7a0{\npadding-bottom:25px;\n}\nbody .av-special-heading.av-mmm3htot-c234ce1a7d0356928457a17556dcf7a0 .av-special-heading-tag .heading-char{\nfont-size:25px;\n}\n.av-special-heading.av-mmm3htot-c234ce1a7d0356928457a17556dcf7a0 .av-subheading{\nfont-size:15px;\n}\n<\/style>\n<div  class='av-special-heading av-mmm3htot-c234ce1a7d0356928457a17556dcf7a0 av-special-heading-h1 blockquote modern-quote  avia-builder-el-2  el_after_av_section  el_before_av_textblock  avia-builder-el-first '><h1 class='av-special-heading-tag '  itemprop=\"headline\"  >Des \u00e9l\u00e8ves de l\u2019iDSP remportent un prix au concours f\u00e9d\u00e9ral d\u2019\u00e9ducation politique<\/h1><div class='av-subheading av-subheading_below'><p>par Jana Michael<\/p>\n<\/div><div class=\"special-heading-border\"><div class=\"special-heading-inner-border\"><\/div><\/div><\/div>\n<section  class='av_textblock_section av-mmm3hebe-b6c7683793874a1f2de66a665ce91534 '   itemscope=\"itemscope\" itemtype=\"https:\/\/schema.org\/BlogPosting\" itemprop=\"blogPost\" ><div class='avia_textblock'  itemprop=\"text\" ><blockquote>\n<p><strong>\u00ab La politique, c\u2019est quand vous passez \u00e0 l\u2019action \u00bb<\/strong> \u2014 tel \u00e9tait le th\u00e8me du concours 2025 d\u2019\u00e9ducation politique organis\u00e9 par la Bundeszentrale f\u00fcr politische Bildung, auquel les classes de 9e et 10e ont particip\u00e9 dans le cadre du Gr\u00fcnes Band.<\/p>\n<\/blockquote>\n<p>Le Gr\u00fcnes Band permet aux \u00e9l\u00e8ves de ces niveaux de travailler pendant six semaines, un jour par semaine, en petits groupes m\u00ealant les classes, sur un th\u00e8me qu\u2019ils choisissent eux-m\u00eames. Les \u00e9l\u00e8ves y travaillent de mani\u00e8re autonome, organis\u00e9e et r\u00e9fl\u00e9chie, tandis que les enseignants accompagnent le processus en tant que conseillers et proposent simplement un cadre th\u00e9matique g\u00e9n\u00e9ral.<\/p>\n<p>Cette ann\u00e9e, ce th\u00e8me a \u00e9t\u00e9 li\u00e9 \u00e0 la participation au concours de la Bundeszentrale f\u00fcr politische Bildung &#8211; avec un beau succ\u00e8s : <strong>parmi pr\u00e8s de 1600 contributions, le projet d\u2019un de nos groupes a \u00e9t\u00e9 distingu\u00e9.<\/strong><\/p>\n<\/div><\/section>\n\n<style type=\"text\/css\" data-created_by=\"avia_inline_auto\" id=\"style-css-av-1iz8119-dbe4274c97fef743f349fb599344e308\">\n#top .hr.hr-invisible.av-1iz8119-dbe4274c97fef743f349fb599344e308{\nheight:25px;\n}\n<\/style>\n<div  class='hr av-1iz8119-dbe4274c97fef743f349fb599344e308 hr-invisible  avia-builder-el-4  el_after_av_textblock  el_before_av_one_full '><span class='hr-inner '><span class=\"hr-inner-style\"><\/span><\/span><\/div>\n<div  class='flex_column av-z3cf99-d424960d92b44758f0f4fde4a06c43d4 av_one_full  avia-builder-el-5  el_after_av_hr  el_before_av_hr  first flex_column_div  '     ><div id='av-masonry-1' class='av-masonry av-mmm3k4fq-f89cacd7a143c29225ba0fa603f93ecd noHover av-fixed-size av-1px-gap av-hover-overlay- av-masonry-animation-active av-masonry-col-2 av-caption-always av-caption-style- av-masonry-gallery ' data-post_id=\"34653\"><div class=\"av-masonry-container isotope av-js-disabled\"><div class='av-masonry-entry isotope-item av-masonry-item-no-image '><\/div><a href=\"https:\/\/www.idsp.fr\/wp-content\/uploads\/2026\/03\/Bild_Deep_Fakes_Plakatt-1030x727.webp\" data-srcset=\"https:\/\/www.idsp.fr\/wp-content\/uploads\/2026\/03\/Bild_Deep_Fakes_Plakatt-1030x727.webp 1030w, https:\/\/www.idsp.fr\/wp-content\/uploads\/2026\/03\/Bild_Deep_Fakes_Plakatt-340x240.webp 340w, https:\/\/www.idsp.fr\/wp-content\/uploads\/2026\/03\/Bild_Deep_Fakes_Plakatt-768x542.webp 768w, https:\/\/www.idsp.fr\/wp-content\/uploads\/2026\/03\/Bild_Deep_Fakes_Plakatt-260x185.webp 260w, https:\/\/www.idsp.fr\/wp-content\/uploads\/2026\/03\/Bild_Deep_Fakes_Plakatt-705x497.webp 705w, https:\/\/www.idsp.fr\/wp-content\/uploads\/2026\/03\/Bild_Deep_Fakes_Plakatt.webp 1280w\" data-sizes=\"(max-width: 1030px) 100vw, 1030px\"  aria-label=\"image Bild_Deep_Fakes_Plakatt\"  id='av-masonry-1-item-34654' data-av-masonry-item='34654' class='av-masonry-entry isotope-item post-34654 attachment type-attachment status-inherit hentry  av-masonry-item-with-image' title=\"Bild_Deep_Fakes_Plakatt\" alt=\"\"    itemprop=\"thumbnailUrl\" ><div class='av-inner-masonry-sizer'><\/div><figure class='av-inner-masonry main_color'><div class=\"av-masonry-outerimage-container\"><div class='av-masonry-image-container' style=\"background-image: url(https:\/\/www.idsp.fr\/wp-content\/uploads\/2026\/03\/Bild_Deep_Fakes_Plakatt-705x497.webp);\"  title=\"Bild_Deep_Fakes_Plakatt\" ><\/div><\/div><\/figure><\/a><!--end av-masonry entry--><a href=\"https:\/\/www.idsp.fr\/wp-content\/uploads\/2026\/03\/Siegerteam2-1030x731.webp\" data-srcset=\"https:\/\/www.idsp.fr\/wp-content\/uploads\/2026\/03\/Siegerteam2-1030x731.webp 1030w, https:\/\/www.idsp.fr\/wp-content\/uploads\/2026\/03\/Siegerteam2-340x241.webp 340w, https:\/\/www.idsp.fr\/wp-content\/uploads\/2026\/03\/Siegerteam2-768x545.webp 768w, https:\/\/www.idsp.fr\/wp-content\/uploads\/2026\/03\/Siegerteam2-260x185.webp 260w, https:\/\/www.idsp.fr\/wp-content\/uploads\/2026\/03\/Siegerteam2-705x501.webp 705w, https:\/\/www.idsp.fr\/wp-content\/uploads\/2026\/03\/Siegerteam2.webp 1500w\" data-sizes=\"(max-width: 1030px) 100vw, 1030px\"  aria-label=\"image Siegerteam2\"  id='av-masonry-1-item-34656' data-av-masonry-item='34656' class='av-masonry-entry isotope-item post-34656 attachment type-attachment status-inherit hentry  av-masonry-item-with-image' title=\"Siegerteam2\" alt=\"\"    itemprop=\"thumbnailUrl\" ><div class='av-inner-masonry-sizer'><\/div><figure class='av-inner-masonry main_color'><div class=\"av-masonry-outerimage-container\"><div class='av-masonry-image-container' style=\"background-image: url(https:\/\/www.idsp.fr\/wp-content\/uploads\/2026\/03\/Siegerteam2-705x501.webp);\"  title=\"Siegerteam2\" ><\/div><\/div><\/figure><\/a><!--end av-masonry entry--><\/div><\/div><\/div>\n\n<style type=\"text\/css\" data-created_by=\"avia_inline_auto\" id=\"style-css-av-oq5xa5-49361987224b9a63831fa68e42de7eb6\">\n#top .hr.hr-invisible.av-oq5xa5-49361987224b9a63831fa68e42de7eb6{\nheight:25px;\n}\n<\/style>\n<div  class='hr av-oq5xa5-49361987224b9a63831fa68e42de7eb6 hr-invisible  avia-builder-el-7  el_after_av_one_full  el_before_av_textblock '><span class='hr-inner '><span class=\"hr-inner-style\"><\/span><\/span><\/div>\n<section  class='av_textblock_section av-mmm3ibgh-59091063b5e129378d2e6e00b96ffe04 '   itemscope=\"itemscope\" itemtype=\"https:\/\/schema.org\/BlogPosting\" itemprop=\"blogPost\" ><div class='avia_textblock'  itemprop=\"text\" ><p>Les \u00e9l\u00e8ves ont r\u00e9alis\u00e9 une vid\u00e9o TikTok autour du th\u00e8me \u00ab Deepfakes &#8211; ma responsabilit\u00e9, ta responsabilit\u00e9, notre responsabilit\u00e9 \u00bb, qui a convaincu le jury et a \u00e9t\u00e9 r\u00e9compens\u00e9e par un prix de 250 euros.<\/p>\n<p><strong>Mira, Karina et Claire (2de, Kl. 10) ainsi que Anastasia et Valentine (3e, Kl. 9)<\/strong> \u2014 toutes nos f\u00e9licitations pour ce succ\u00e8s dont nous sommes tr\u00e8s fiers !<\/p>\n<p><strong>Jana Michael, Lisa Becker, Nina Enssle et Tino Eberhardt<\/strong><br \/>\npour \u00ab\u00a0le Gr\u00fcnes Band\u00a0\u00bb<\/p>\n<\/div><\/section>\n","protected":false},"excerpt":{"rendered":"","protected":false},"author":3,"featured_media":34656,"comment_status":"closed","ping_status":"closed","sticky":false,"template":"","format":"standard","meta":{"footnotes":""},"categories":[22,23],"tags":[],"class_list":["post-34653","post","type-post","status-publish","format-standard","has-post-thumbnail","hentry","category-actualites-secondaire","category-actualites-idsp"],"yoast_head":"<!-- This site is optimized with the Yoast SEO plugin v27.4 - https:\/\/yoast.com\/product\/yoast-seo-wordpress\/ -->\n<title>Des \u00e9l\u00e8ves de l\u2019iDSP remportent un prix au concours f\u00e9d\u00e9ral d\u2019\u00e9ducation politique - iDSP - La Schule - Internationale Deutsche Schule Paris<\/title>\n<meta name=\"robots\" content=\"index, follow, max-snippet:-1, max-image-preview:large, max-video-preview:-1\" \/>\n<link rel=\"canonical\" href=\"https:\/\/www.idsp.fr\/fr\/des-eleves-de-lidsp-remportent-un-prix-au-concours-federal-deducation-politique\/\" \/>\n<meta property=\"og:locale\" content=\"fr_FR\" \/>\n<meta property=\"og:type\" content=\"article\" \/>\n<meta property=\"og:title\" content=\"Des \u00e9l\u00e8ves de l\u2019iDSP remportent un prix au concours f\u00e9d\u00e9ral d\u2019\u00e9ducation politique - iDSP - La Schule - Internationale Deutsche Schule Paris\" \/>\n<meta property=\"og:url\" content=\"https:\/\/www.idsp.fr\/fr\/des-eleves-de-lidsp-remportent-un-prix-au-concours-federal-deducation-politique\/\" \/>\n<meta property=\"og:site_name\" content=\"iDSP - La Schule - Internationale Deutsche Schule Paris\" \/>\n<meta property=\"article:published_time\" content=\"2026-03-12T11:57:44+00:00\" \/>\n<meta property=\"article:modified_time\" content=\"2026-03-13T06:02:47+00:00\" \/>\n<meta property=\"og:image\" content=\"https:\/\/www.idsp.fr\/wp-content\/uploads\/2026\/03\/Siegerteam2.webp\" \/>\n\t<meta property=\"og:image:width\" content=\"1500\" \/>\n\t<meta property=\"og:image:height\" content=\"1065\" \/>\n\t<meta property=\"og:image:type\" content=\"image\/webp\" \/>\n<meta name=\"author\" content=\"Marketing Kommunikation\" \/>\n<meta name=\"twitter:card\" content=\"summary_large_image\" \/>\n<meta name=\"twitter:label1\" content=\"\u00c9crit par\" \/>\n\t<meta name=\"twitter:data1\" content=\"Marketing Kommunikation\" \/>\n\t<meta name=\"twitter:label2\" content=\"Dur\u00e9e de lecture estim\u00e9e\" \/>\n\t<meta name=\"twitter:data2\" content=\"2 minutes\" \/>\n<script type=\"application\/ld+json\" class=\"yoast-schema-graph\">{\"@context\":\"https:\\\/\\\/schema.org\",\"@graph\":[{\"@type\":\"Article\",\"@id\":\"https:\\\/\\\/www.idsp.fr\\\/fr\\\/des-eleves-de-lidsp-remportent-un-prix-au-concours-federal-deducation-politique\\\/#article\",\"isPartOf\":{\"@id\":\"https:\\\/\\\/www.idsp.fr\\\/fr\\\/des-eleves-de-lidsp-remportent-un-prix-au-concours-federal-deducation-politique\\\/\"},\"author\":{\"name\":\"Marketing Kommunikation\",\"@id\":\"https:\\\/\\\/www.idsp.fr\\\/#\\\/schema\\\/person\\\/0517169a22659999c4e182efcc674811\"},\"headline\":\"Des \u00e9l\u00e8ves de l\u2019iDSP remportent un prix au concours f\u00e9d\u00e9ral d\u2019\u00e9ducation politique\",\"datePublished\":\"2026-03-12T11:57:44+00:00\",\"dateModified\":\"2026-03-13T06:02:47+00:00\",\"mainEntityOfPage\":{\"@id\":\"https:\\\/\\\/www.idsp.fr\\\/fr\\\/des-eleves-de-lidsp-remportent-un-prix-au-concours-federal-deducation-politique\\\/\"},\"wordCount\":1400,\"image\":{\"@id\":\"https:\\\/\\\/www.idsp.fr\\\/fr\\\/des-eleves-de-lidsp-remportent-un-prix-au-concours-federal-deducation-politique\\\/#primaryimage\"},\"thumbnailUrl\":\"https:\\\/\\\/www.idsp.fr\\\/wp-content\\\/uploads\\\/2026\\\/03\\\/Siegerteam2.webp\",\"articleSection\":[\"Actualit\u00e9s du secondaire\",\"Actualit\u00e9s iDSP\"],\"inLanguage\":\"fr-FR\"},{\"@type\":\"WebPage\",\"@id\":\"https:\\\/\\\/www.idsp.fr\\\/fr\\\/des-eleves-de-lidsp-remportent-un-prix-au-concours-federal-deducation-politique\\\/\",\"url\":\"https:\\\/\\\/www.idsp.fr\\\/fr\\\/des-eleves-de-lidsp-remportent-un-prix-au-concours-federal-deducation-politique\\\/\",\"name\":\"Des \u00e9l\u00e8ves de l\u2019iDSP remportent un prix au concours f\u00e9d\u00e9ral d\u2019\u00e9ducation politique - iDSP - La Schule - Internationale Deutsche Schule Paris\",\"isPartOf\":{\"@id\":\"https:\\\/\\\/www.idsp.fr\\\/#website\"},\"primaryImageOfPage\":{\"@id\":\"https:\\\/\\\/www.idsp.fr\\\/fr\\\/des-eleves-de-lidsp-remportent-un-prix-au-concours-federal-deducation-politique\\\/#primaryimage\"},\"image\":{\"@id\":\"https:\\\/\\\/www.idsp.fr\\\/fr\\\/des-eleves-de-lidsp-remportent-un-prix-au-concours-federal-deducation-politique\\\/#primaryimage\"},\"thumbnailUrl\":\"https:\\\/\\\/www.idsp.fr\\\/wp-content\\\/uploads\\\/2026\\\/03\\\/Siegerteam2.webp\",\"datePublished\":\"2026-03-12T11:57:44+00:00\",\"dateModified\":\"2026-03-13T06:02:47+00:00\",\"author\":{\"@id\":\"https:\\\/\\\/www.idsp.fr\\\/#\\\/schema\\\/person\\\/0517169a22659999c4e182efcc674811\"},\"breadcrumb\":{\"@id\":\"https:\\\/\\\/www.idsp.fr\\\/fr\\\/des-eleves-de-lidsp-remportent-un-prix-au-concours-federal-deducation-politique\\\/#breadcrumb\"},\"inLanguage\":\"fr-FR\",\"potentialAction\":[{\"@type\":\"ReadAction\",\"target\":[\"https:\\\/\\\/www.idsp.fr\\\/fr\\\/des-eleves-de-lidsp-remportent-un-prix-au-concours-federal-deducation-politique\\\/\"]}]},{\"@type\":\"ImageObject\",\"inLanguage\":\"fr-FR\",\"@id\":\"https:\\\/\\\/www.idsp.fr\\\/fr\\\/des-eleves-de-lidsp-remportent-un-prix-au-concours-federal-deducation-politique\\\/#primaryimage\",\"url\":\"https:\\\/\\\/www.idsp.fr\\\/wp-content\\\/uploads\\\/2026\\\/03\\\/Siegerteam2.webp\",\"contentUrl\":\"https:\\\/\\\/www.idsp.fr\\\/wp-content\\\/uploads\\\/2026\\\/03\\\/Siegerteam2.webp\",\"width\":1500,\"height\":1065},{\"@type\":\"BreadcrumbList\",\"@id\":\"https:\\\/\\\/www.idsp.fr\\\/fr\\\/des-eleves-de-lidsp-remportent-un-prix-au-concours-federal-deducation-politique\\\/#breadcrumb\",\"itemListElement\":[{\"@type\":\"ListItem\",\"position\":1,\"name\":\"Startseite\",\"item\":\"https:\\\/\\\/www.idsp.fr\\\/fr\\\/idsp-ecole-allemande-internationale-de-paris\\\/\"},{\"@type\":\"ListItem\",\"position\":2,\"name\":\"Des \u00e9l\u00e8ves de l\u2019iDSP remportent un prix au concours f\u00e9d\u00e9ral d\u2019\u00e9ducation politique\"}]},{\"@type\":\"WebSite\",\"@id\":\"https:\\\/\\\/www.idsp.fr\\\/#website\",\"url\":\"https:\\\/\\\/www.idsp.fr\\\/\",\"name\":\"iDSP - La Schule - Internationale Deutsche Schule Paris\",\"description\":\"\",\"potentialAction\":[{\"@type\":\"SearchAction\",\"target\":{\"@type\":\"EntryPoint\",\"urlTemplate\":\"https:\\\/\\\/www.idsp.fr\\\/?s={search_term_string}\"},\"query-input\":{\"@type\":\"PropertyValueSpecification\",\"valueRequired\":true,\"valueName\":\"search_term_string\"}}],\"inLanguage\":\"fr-FR\"},{\"@type\":\"Person\",\"@id\":\"https:\\\/\\\/www.idsp.fr\\\/#\\\/schema\\\/person\\\/0517169a22659999c4e182efcc674811\",\"name\":\"Marketing Kommunikation\",\"url\":\"https:\\\/\\\/www.idsp.fr\\\/fr\\\/author\\\/celine\\\/\"}]}<\/script>\n<!-- \/ Yoast SEO plugin. -->","yoast_head_json":{"title":"Des \u00e9l\u00e8ves de l\u2019iDSP remportent un prix au concours f\u00e9d\u00e9ral d\u2019\u00e9ducation politique - iDSP - La Schule - Internationale Deutsche Schule Paris","robots":{"index":"index","follow":"follow","max-snippet":"max-snippet:-1","max-image-preview":"max-image-preview:large","max-video-preview":"max-video-preview:-1"},"canonical":"https:\/\/www.idsp.fr\/fr\/des-eleves-de-lidsp-remportent-un-prix-au-concours-federal-deducation-politique\/","og_locale":"fr_FR","og_type":"article","og_title":"Des \u00e9l\u00e8ves de l\u2019iDSP remportent un prix au concours f\u00e9d\u00e9ral d\u2019\u00e9ducation politique - iDSP - La Schule - Internationale Deutsche Schule Paris","og_url":"https:\/\/www.idsp.fr\/fr\/des-eleves-de-lidsp-remportent-un-prix-au-concours-federal-deducation-politique\/","og_site_name":"iDSP - La Schule - Internationale Deutsche Schule Paris","article_published_time":"2026-03-12T11:57:44+00:00","article_modified_time":"2026-03-13T06:02:47+00:00","og_image":[{"width":1500,"height":1065,"url":"https:\/\/www.idsp.fr\/wp-content\/uploads\/2026\/03\/Siegerteam2.webp","type":"image\/webp"}],"author":"Marketing Kommunikation","twitter_card":"summary_large_image","twitter_misc":{"\u00c9crit par":"Marketing Kommunikation","Dur\u00e9e de lecture estim\u00e9e":"2 minutes"},"schema":{"@context":"https:\/\/schema.org","@graph":[{"@type":"Article","@id":"https:\/\/www.idsp.fr\/fr\/des-eleves-de-lidsp-remportent-un-prix-au-concours-federal-deducation-politique\/#article","isPartOf":{"@id":"https:\/\/www.idsp.fr\/fr\/des-eleves-de-lidsp-remportent-un-prix-au-concours-federal-deducation-politique\/"},"author":{"name":"Marketing Kommunikation","@id":"https:\/\/www.idsp.fr\/#\/schema\/person\/0517169a22659999c4e182efcc674811"},"headline":"Des \u00e9l\u00e8ves de l\u2019iDSP remportent un prix au concours f\u00e9d\u00e9ral d\u2019\u00e9ducation politique","datePublished":"2026-03-12T11:57:44+00:00","dateModified":"2026-03-13T06:02:47+00:00","mainEntityOfPage":{"@id":"https:\/\/www.idsp.fr\/fr\/des-eleves-de-lidsp-remportent-un-prix-au-concours-federal-deducation-politique\/"},"wordCount":1400,"image":{"@id":"https:\/\/www.idsp.fr\/fr\/des-eleves-de-lidsp-remportent-un-prix-au-concours-federal-deducation-politique\/#primaryimage"},"thumbnailUrl":"https:\/\/www.idsp.fr\/wp-content\/uploads\/2026\/03\/Siegerteam2.webp","articleSection":["Actualit\u00e9s du secondaire","Actualit\u00e9s iDSP"],"inLanguage":"fr-FR"},{"@type":"WebPage","@id":"https:\/\/www.idsp.fr\/fr\/des-eleves-de-lidsp-remportent-un-prix-au-concours-federal-deducation-politique\/","url":"https:\/\/www.idsp.fr\/fr\/des-eleves-de-lidsp-remportent-un-prix-au-concours-federal-deducation-politique\/","name":"Des \u00e9l\u00e8ves de l\u2019iDSP remportent un prix au concours f\u00e9d\u00e9ral d\u2019\u00e9ducation politique - iDSP - La Schule - Internationale Deutsche Schule Paris","isPartOf":{"@id":"https:\/\/www.idsp.fr\/#website"},"primaryImageOfPage":{"@id":"https:\/\/www.idsp.fr\/fr\/des-eleves-de-lidsp-remportent-un-prix-au-concours-federal-deducation-politique\/#primaryimage"},"image":{"@id":"https:\/\/www.idsp.fr\/fr\/des-eleves-de-lidsp-remportent-un-prix-au-concours-federal-deducation-politique\/#primaryimage"},"thumbnailUrl":"https:\/\/www.idsp.fr\/wp-content\/uploads\/2026\/03\/Siegerteam2.webp","datePublished":"2026-03-12T11:57:44+00:00","dateModified":"2026-03-13T06:02:47+00:00","author":{"@id":"https:\/\/www.idsp.fr\/#\/schema\/person\/0517169a22659999c4e182efcc674811"},"breadcrumb":{"@id":"https:\/\/www.idsp.fr\/fr\/des-eleves-de-lidsp-remportent-un-prix-au-concours-federal-deducation-politique\/#breadcrumb"},"inLanguage":"fr-FR","potentialAction":[{"@type":"ReadAction","target":["https:\/\/www.idsp.fr\/fr\/des-eleves-de-lidsp-remportent-un-prix-au-concours-federal-deducation-politique\/"]}]},{"@type":"ImageObject","inLanguage":"fr-FR","@id":"https:\/\/www.idsp.fr\/fr\/des-eleves-de-lidsp-remportent-un-prix-au-concours-federal-deducation-politique\/#primaryimage","url":"https:\/\/www.idsp.fr\/wp-content\/uploads\/2026\/03\/Siegerteam2.webp","contentUrl":"https:\/\/www.idsp.fr\/wp-content\/uploads\/2026\/03\/Siegerteam2.webp","width":1500,"height":1065},{"@type":"BreadcrumbList","@id":"https:\/\/www.idsp.fr\/fr\/des-eleves-de-lidsp-remportent-un-prix-au-concours-federal-deducation-politique\/#breadcrumb","itemListElement":[{"@type":"ListItem","position":1,"name":"Startseite","item":"https:\/\/www.idsp.fr\/fr\/idsp-ecole-allemande-internationale-de-paris\/"},{"@type":"ListItem","position":2,"name":"Des \u00e9l\u00e8ves de l\u2019iDSP remportent un prix au concours f\u00e9d\u00e9ral d\u2019\u00e9ducation politique"}]},{"@type":"WebSite","@id":"https:\/\/www.idsp.fr\/#website","url":"https:\/\/www.idsp.fr\/","name":"iDSP - La Schule - Internationale Deutsche Schule Paris","description":"","potentialAction":[{"@type":"SearchAction","target":{"@type":"EntryPoint","urlTemplate":"https:\/\/www.idsp.fr\/?s={search_term_string}"},"query-input":{"@type":"PropertyValueSpecification","valueRequired":true,"valueName":"search_term_string"}}],"inLanguage":"fr-FR"},{"@type":"Person","@id":"https:\/\/www.idsp.fr\/#\/schema\/person\/0517169a22659999c4e182efcc674811","name":"Marketing Kommunikation","url":"https:\/\/www.idsp.fr\/fr\/author\/celine\/"}]}},"_links":{"self":[{"href":"https:\/\/www.idsp.fr\/fr\/wp-json\/wp\/v2\/posts\/34653","targetHints":{"allow":["GET"]}}],"collection":[{"href":"https:\/\/www.idsp.fr\/fr\/wp-json\/wp\/v2\/posts"}],"about":[{"href":"https:\/\/www.idsp.fr\/fr\/wp-json\/wp\/v2\/types\/post"}],"author":[{"embeddable":true,"href":"https:\/\/www.idsp.fr\/fr\/wp-json\/wp\/v2\/users\/3"}],"replies":[{"embeddable":true,"href":"https:\/\/www.idsp.fr\/fr\/wp-json\/wp\/v2\/comments?post=34653"}],"version-history":[{"count":2,"href":"https:\/\/www.idsp.fr\/fr\/wp-json\/wp\/v2\/posts\/34653\/revisions"}],"predecessor-version":[{"id":34709,"href":"https:\/\/www.idsp.fr\/fr\/wp-json\/wp\/v2\/posts\/34653\/revisions\/34709"}],"wp:featuredmedia":[{"embeddable":true,"href":"https:\/\/www.idsp.fr\/fr\/wp-json\/wp\/v2\/media\/34656"}],"wp:attachment":[{"href":"https:\/\/www.idsp.fr\/fr\/wp-json\/wp\/v2\/media?parent=34653"}],"wp:term":[{"taxonomy":"category","embeddable":true,"href":"https:\/\/www.idsp.fr\/fr\/wp-json\/wp\/v2\/categories?post=34653"},{"taxonomy":"post_tag","embeddable":true,"href":"https:\/\/www.idsp.fr\/fr\/wp-json\/wp\/v2\/tags?post=34653"}],"curies":[{"name":"wp","href":"https:\/\/api.w.org\/{rel}","templated":true}]}}