{"id":34627,"date":"2026-03-11T13:58:40","date_gmt":"2026-03-11T12:58:40","guid":{"rendered":"https:\/\/www.idsp.fr\/?p=34627"},"modified":"2026-03-12T08:40:38","modified_gmt":"2026-03-12T07:40:38","slug":"simpliquer-activement-dans-la-vie-de-lecole-le-nouveau-concept-de-commissions-de-la-sv","status":"publish","type":"post","link":"https:\/\/www.idsp.fr\/fr\/simpliquer-activement-dans-la-vie-de-lecole-le-nouveau-concept-de-commissions-de-la-sv\/","title":{"rendered":"S\u2019impliquer activement dans la vie de l\u2019\u00e9cole : le nouveau concept de commissions de la SV"},"content":{"rendered":"\n<style type=\"text\/css\" data-created_by=\"avia_inline_auto\" id=\"style-css-av-av_section-21c48b69e22c6432fc4a661b10db35ad\">\n.avia-section.av-av_section-21c48b69e22c6432fc4a661b10db35ad{\nbackground-color:#024d7d;\nbackground-image:unset;\n}\n<\/style>\n<div id='av_section_1'  class='avia-section av-av_section-21c48b69e22c6432fc4a661b10db35ad main_color avia-section-small avia-no-border-styling  avia-builder-el-0  el_before_av_heading  avia-builder-el-first  avia-bg-style-scroll av-minimum-height av-minimum-height-custom av-height-custom  container_wrap sidebar_right'   data-av_minimum_height_px='100'><div class='container av-section-cont-open' style='height:100px'><main  role=\"main\" itemprop=\"mainContentOfPage\"  class='template-page content  av-content-small alpha units'><div class='post-entry post-entry-type-page post-entry-34627'><div class='entry-content-wrapper clearfix'>\n\n<style type=\"text\/css\" data-created_by=\"avia_inline_auto\" id=\"style-css-av-mmm1o1xp-040491d0e2549d45dcd5c7e60543c144\">\n#top .av-special-heading.av-mmm1o1xp-040491d0e2549d45dcd5c7e60543c144{\npadding-bottom:10px;\ncolor:#ffffff;\n}\nbody .av-special-heading.av-mmm1o1xp-040491d0e2549d45dcd5c7e60543c144 .av-special-heading-tag .heading-char{\nfont-size:25px;\n}\n.av-special-heading.av-mmm1o1xp-040491d0e2549d45dcd5c7e60543c144 .special-heading-inner-border{\nborder-color:#ffffff;\n}\n.av-special-heading.av-mmm1o1xp-040491d0e2549d45dcd5c7e60543c144 .av-subheading{\nfont-size:15px;\n}\n<\/style>\n<div  class='av-special-heading av-mmm1o1xp-040491d0e2549d45dcd5c7e60543c144 av-special-heading-h2 custom-color-heading  avia-builder-el-1  avia-builder-el-no-sibling '><h2 class='av-special-heading-tag '  itemprop=\"headline\"  >Actualit\u00e9s du secondaire<\/h2><div class=\"special-heading-border\"><div class=\"special-heading-inner-border\"><\/div><\/div><\/div>\n<\/div><\/div><\/main><!-- close content main element --><\/div><\/div><div id='after_section_1'  class='main_color av_default_container_wrap container_wrap sidebar_right'  ><div class='container av-section-cont-open' ><div class='template-page content  av-content-small alpha units'><div class='post-entry post-entry-type-page post-entry-34627'><div class='entry-content-wrapper clearfix'>\n<style type=\"text\/css\" data-created_by=\"avia_inline_auto\" id=\"style-css-av-mmm04tz6-5b168cee7d2c00e1de50710cf11d8877\">\n#top .av-special-heading.av-mmm04tz6-5b168cee7d2c00e1de50710cf11d8877{\npadding-bottom:25px;\n}\nbody .av-special-heading.av-mmm04tz6-5b168cee7d2c00e1de50710cf11d8877 .av-special-heading-tag .heading-char{\nfont-size:25px;\n}\n.av-special-heading.av-mmm04tz6-5b168cee7d2c00e1de50710cf11d8877 .av-subheading{\nfont-size:15px;\n}\n<\/style>\n<div  class='av-special-heading av-mmm04tz6-5b168cee7d2c00e1de50710cf11d8877 av-special-heading-h1 blockquote modern-quote  avia-builder-el-2  el_after_av_section  el_before_av_textblock  avia-builder-el-first '><h1 class='av-special-heading-tag '  itemprop=\"headline\"  >S\u2019impliquer activement dans la vie de l\u2019\u00e9cole : le nouveau concept de Commissions de la SV<\/h1><div class='av-subheading av-subheading_below'><p>par Camille Riewenherm<\/p>\n<\/div><div class=\"special-heading-border\"><div class=\"special-heading-inner-border\"><\/div><\/div><\/div><\/p>\n<section  class='av_textblock_section av-mmm1nfdn-bd1bd5bd4f182e4d0db072f05b2100e3 '   itemscope=\"itemscope\" itemtype=\"https:\/\/schema.org\/BlogPosting\" itemprop=\"blogPost\" ><div class='avia_textblock'  itemprop=\"text\" ><blockquote>\n<p><strong>Ch\u00e8re communaut\u00e9 scolaire,<\/strong><\/p>\n<p>En tant qu\u2019\u00e9quipe des d\u00e9l\u00e9gu\u00e9s des \u00e9l\u00e8ves, nous avons le plaisir de vous pr\u00e9senter aujourd\u2019hui <strong>un nouveau chapitre des d\u00e9l\u00e9gu\u00e9s d&rsquo;\u00e9l\u00e8ves \u00e0 l\u2019iDSP<\/strong> : le concept des commissions.<\/p>\n<\/blockquote>\n<p data-start=\"1109\" data-end=\"1131\"><strong data-start=\"1109\" data-end=\"1131\"><img decoding=\"async\" class=\"alignright wp-image-34622\" src=\"https:\/\/www.idsp.fr\/wp-content\/uploads\/2026\/03\/Rot-Lila-Modern-Geometrisch-Einladung-Kunst-Ankuendigung-Event-Plakat-Poster-728x1030.jpg\" alt=\"\" width=\"318\" height=\"450\" srcset=\"https:\/\/www.idsp.fr\/wp-content\/uploads\/2026\/03\/Rot-Lila-Modern-Geometrisch-Einladung-Kunst-Ankuendigung-Event-Plakat-Poster-728x1030.jpg 728w, https:\/\/www.idsp.fr\/wp-content\/uploads\/2026\/03\/Rot-Lila-Modern-Geometrisch-Einladung-Kunst-Ankuendigung-Event-Plakat-Poster-226x320.jpg 226w, https:\/\/www.idsp.fr\/wp-content\/uploads\/2026\/03\/Rot-Lila-Modern-Geometrisch-Einladung-Kunst-Ankuendigung-Event-Plakat-Poster-768x1086.jpg 768w, https:\/\/www.idsp.fr\/wp-content\/uploads\/2026\/03\/Rot-Lila-Modern-Geometrisch-Einladung-Kunst-Ankuendigung-Event-Plakat-Poster-1086x1536.jpg 1086w, https:\/\/www.idsp.fr\/wp-content\/uploads\/2026\/03\/Rot-Lila-Modern-Geometrisch-Einladung-Kunst-Ankuendigung-Event-Plakat-Poster-1448x2048.jpg 1448w, https:\/\/www.idsp.fr\/wp-content\/uploads\/2026\/03\/Rot-Lila-Modern-Geometrisch-Einladung-Kunst-Ankuendigung-Event-Plakat-Poster-1060x1500.jpg 1060w, https:\/\/www.idsp.fr\/wp-content\/uploads\/2026\/03\/Rot-Lila-Modern-Geometrisch-Einladung-Kunst-Ankuendigung-Event-Plakat-Poster-498x705.jpg 498w, https:\/\/www.idsp.fr\/wp-content\/uploads\/2026\/03\/Rot-Lila-Modern-Geometrisch-Einladung-Kunst-Ankuendigung-Event-Plakat-Poster.jpg 1587w\" sizes=\"(max-width: 318px) 100vw, 318px\" \/><\/strong><\/p>\n<p>Notre objectif est de rendre l\u2019iDSP encore plus d\u00e9mocratique et d\u2019offrir aux \u00e9l\u00e8ves un v\u00e9ritable espace pour participer activement \u00e0 la vie de l\u2019\u00e9cole et la fa\u00e7onner selon leurs id\u00e9es. Passer des discussions purement th\u00e9oriques \u00e0 la mise en \u0153uvre concr\u00e8te : telle est l\u2019essence de cette nouvelle initiative. Nous travaillons pour cela en \u00e9troite collaboration avec la direction de l\u2019\u00e9tablissement, qui soutient notre d\u00e9marche et accompagne la mise en place de nos projets.<\/p>\n<h4><strong>Que sont les commissions ?<\/strong><\/h4>\n<p>Les commissions sont des <strong>groupes de travail th\u00e9matiques<\/strong> dans lesquels les \u00e9l\u00e8ves, \u00e0 partir de la classe de 4e (Kl. 8), prennent des responsabilit\u00e9s dans diff\u00e9rents domaines. Les id\u00e9es des \u00e9l\u00e8ves y sont directement int\u00e9gr\u00e9es \u00e0 la r\u00e9flexion et \u00e0 la planification. Les \u00e9quipes fonctionnent de mani\u00e8re largement autonome et pr\u00e9sentent r\u00e9guli\u00e8rement l\u2019avancement de leurs projets lors des r\u00e9unions de la SV.<\/p>\n<h5><strong>Nos cinq domaines d\u2019action<\/strong><\/h5>\n<p>Cinq commissions ont d\u00e9j\u00e0 commenc\u00e9 leur travail :<\/p>\n<p>\u2022 <strong>Communication &amp; M\u00e9dias<\/strong> : \u00e9laboration de concepts pour les \u00e9changes internes et la pr\u00e9sence num\u00e9rique de l\u2019\u00e9cole (dans le respect de la protection des donn\u00e9es)<br \/>\n\u2022 <strong>Sport &amp; Sant\u00e9<\/strong> : projets favorisant l\u2019activit\u00e9 physique et le bien-\u00eatre au quotidien<br \/>\n\u2022 <strong>Communication ext\u00e9rieure<\/strong> : d\u00e9veloppement des liens entre l\u2019iDSP et ses partenaires ext\u00e9rieurs<br \/>\n\u2022 <strong>Culture &amp; Internationalit\u00e9<\/strong> : initiatives valorisant la diversit\u00e9 culturelle de notre \u00e9cole<br \/>\n\u2022 <strong>Environnement &amp; Social<\/strong> : actions en faveur du d\u00e9veloppement durable et du vivre-ensemble<\/p>\n<h4><strong>La motivation par l\u2019engagement<\/strong><\/h4>\n<p>Ce qui motive les \u00e9l\u00e8ves \u00e0 participer, c\u2019est avant tout le plaisir de construire et de faire avancer des projets. Ils d\u00e9couvrent concr\u00e8tement comment une id\u00e9e peut se transformer en initiative r\u00e9elle au service de la communaut\u00e9 scolaire.<strong> Initiative personnelle, sens des responsabilit\u00e9s et engagement collectif<\/strong> prennent ainsi tout leur sens.<\/p>\n<p>Le fait que cet engagement soit reconnu en fin d\u2019ann\u00e9e sur le bulletin scolaire constitue \u00e9galement une belle marque de reconnaissance pour leur investissement.<\/p>\n<p>Nous nous r\u00e9jouissons du lancement tr\u00e8s prometteur de ces premiers groupes et des projets \u00e0 venir, qui viendront enrichir la vie de notre \u00e9cole.<\/p>\n<p><strong>L\u2019\u00e9quipe des d\u00e9l\u00e9gu\u00e9s des \u00e9l\u00e8ves<\/strong><\/p>\n<\/div><\/section>\n","protected":false},"excerpt":{"rendered":"","protected":false},"author":3,"featured_media":34623,"comment_status":"closed","ping_status":"closed","sticky":false,"template":"","format":"standard","meta":{"footnotes":""},"categories":[22,23],"tags":[],"class_list":["post-34627","post","type-post","status-publish","format-standard","has-post-thumbnail","hentry","category-actualites-secondaire","category-actualites-idsp"],"yoast_head":"<!-- This site is optimized with the Yoast SEO plugin v27.4 - https:\/\/yoast.com\/product\/yoast-seo-wordpress\/ -->\n<title>S\u2019impliquer activement dans la vie de l\u2019\u00e9cole : le nouveau concept de commissions de la SV - iDSP - La Schule - Internationale Deutsche Schule Paris<\/title>\n<meta name=\"robots\" content=\"index, follow, max-snippet:-1, max-image-preview:large, max-video-preview:-1\" \/>\n<link rel=\"canonical\" href=\"https:\/\/www.idsp.fr\/fr\/simpliquer-activement-dans-la-vie-de-lecole-le-nouveau-concept-de-commissions-de-la-sv\/\" \/>\n<meta property=\"og:locale\" content=\"fr_FR\" \/>\n<meta property=\"og:type\" content=\"article\" \/>\n<meta property=\"og:title\" content=\"S\u2019impliquer activement dans la vie de l\u2019\u00e9cole : le nouveau concept de commissions de la SV - iDSP - La Schule - Internationale Deutsche Schule Paris\" \/>\n<meta property=\"og:url\" content=\"https:\/\/www.idsp.fr\/fr\/simpliquer-activement-dans-la-vie-de-lecole-le-nouveau-concept-de-commissions-de-la-sv\/\" \/>\n<meta property=\"og:site_name\" content=\"iDSP - La Schule - Internationale Deutsche Schule Paris\" \/>\n<meta property=\"article:published_time\" content=\"2026-03-11T12:58:40+00:00\" \/>\n<meta property=\"article:modified_time\" content=\"2026-03-12T07:40:38+00:00\" \/>\n<meta property=\"og:image\" content=\"https:\/\/www.idsp.fr\/wp-content\/uploads\/2026\/03\/Rot-Lila-Modern-Geometrisch-Einladung-Kunst-Ankuendigung-Event-Plakat-Poster.jpg\" \/>\n\t<meta property=\"og:image:width\" content=\"1587\" \/>\n\t<meta property=\"og:image:height\" content=\"2245\" \/>\n\t<meta property=\"og:image:type\" content=\"image\/jpeg\" \/>\n<meta name=\"author\" content=\"Marketing Kommunikation\" \/>\n<meta name=\"twitter:card\" content=\"summary_large_image\" \/>\n<meta name=\"twitter:label1\" content=\"\u00c9crit par\" \/>\n\t<meta name=\"twitter:data1\" content=\"Marketing Kommunikation\" \/>\n\t<meta name=\"twitter:label2\" content=\"Dur\u00e9e de lecture estim\u00e9e\" \/>\n\t<meta name=\"twitter:data2\" content=\"3 minutes\" \/>\n<script type=\"application\/ld+json\" class=\"yoast-schema-graph\">{\"@context\":\"https:\\\/\\\/schema.org\",\"@graph\":[{\"@type\":\"Article\",\"@id\":\"https:\\\/\\\/www.idsp.fr\\\/fr\\\/simpliquer-activement-dans-la-vie-de-lecole-le-nouveau-concept-de-commissions-de-la-sv\\\/#article\",\"isPartOf\":{\"@id\":\"https:\\\/\\\/www.idsp.fr\\\/fr\\\/simpliquer-activement-dans-la-vie-de-lecole-le-nouveau-concept-de-commissions-de-la-sv\\\/\"},\"author\":{\"name\":\"Marketing Kommunikation\",\"@id\":\"https:\\\/\\\/www.idsp.fr\\\/#\\\/schema\\\/person\\\/0517169a22659999c4e182efcc674811\"},\"headline\":\"S\u2019impliquer activement dans la vie de l\u2019\u00e9cole : le nouveau concept de commissions de la SV\",\"datePublished\":\"2026-03-11T12:58:40+00:00\",\"dateModified\":\"2026-03-12T07:40:38+00:00\",\"mainEntityOfPage\":{\"@id\":\"https:\\\/\\\/www.idsp.fr\\\/fr\\\/simpliquer-activement-dans-la-vie-de-lecole-le-nouveau-concept-de-commissions-de-la-sv\\\/\"},\"wordCount\":945,\"image\":{\"@id\":\"https:\\\/\\\/www.idsp.fr\\\/fr\\\/simpliquer-activement-dans-la-vie-de-lecole-le-nouveau-concept-de-commissions-de-la-sv\\\/#primaryimage\"},\"thumbnailUrl\":\"https:\\\/\\\/www.idsp.fr\\\/wp-content\\\/uploads\\\/2026\\\/03\\\/Rot-Lila-Modern-Geometrisch-Einladung-Kunst-Ankuendigung-Event-Plakat-Poster.jpg\",\"articleSection\":[\"Actualit\u00e9s du secondaire\",\"Actualit\u00e9s iDSP\"],\"inLanguage\":\"fr-FR\"},{\"@type\":\"WebPage\",\"@id\":\"https:\\\/\\\/www.idsp.fr\\\/fr\\\/simpliquer-activement-dans-la-vie-de-lecole-le-nouveau-concept-de-commissions-de-la-sv\\\/\",\"url\":\"https:\\\/\\\/www.idsp.fr\\\/fr\\\/simpliquer-activement-dans-la-vie-de-lecole-le-nouveau-concept-de-commissions-de-la-sv\\\/\",\"name\":\"S\u2019impliquer activement dans la vie de l\u2019\u00e9cole : le nouveau concept de commissions de la SV - iDSP - La Schule - Internationale Deutsche Schule Paris\",\"isPartOf\":{\"@id\":\"https:\\\/\\\/www.idsp.fr\\\/#website\"},\"primaryImageOfPage\":{\"@id\":\"https:\\\/\\\/www.idsp.fr\\\/fr\\\/simpliquer-activement-dans-la-vie-de-lecole-le-nouveau-concept-de-commissions-de-la-sv\\\/#primaryimage\"},\"image\":{\"@id\":\"https:\\\/\\\/www.idsp.fr\\\/fr\\\/simpliquer-activement-dans-la-vie-de-lecole-le-nouveau-concept-de-commissions-de-la-sv\\\/#primaryimage\"},\"thumbnailUrl\":\"https:\\\/\\\/www.idsp.fr\\\/wp-content\\\/uploads\\\/2026\\\/03\\\/Rot-Lila-Modern-Geometrisch-Einladung-Kunst-Ankuendigung-Event-Plakat-Poster.jpg\",\"datePublished\":\"2026-03-11T12:58:40+00:00\",\"dateModified\":\"2026-03-12T07:40:38+00:00\",\"author\":{\"@id\":\"https:\\\/\\\/www.idsp.fr\\\/#\\\/schema\\\/person\\\/0517169a22659999c4e182efcc674811\"},\"breadcrumb\":{\"@id\":\"https:\\\/\\\/www.idsp.fr\\\/fr\\\/simpliquer-activement-dans-la-vie-de-lecole-le-nouveau-concept-de-commissions-de-la-sv\\\/#breadcrumb\"},\"inLanguage\":\"fr-FR\",\"potentialAction\":[{\"@type\":\"ReadAction\",\"target\":[\"https:\\\/\\\/www.idsp.fr\\\/fr\\\/simpliquer-activement-dans-la-vie-de-lecole-le-nouveau-concept-de-commissions-de-la-sv\\\/\"]}]},{\"@type\":\"ImageObject\",\"inLanguage\":\"fr-FR\",\"@id\":\"https:\\\/\\\/www.idsp.fr\\\/fr\\\/simpliquer-activement-dans-la-vie-de-lecole-le-nouveau-concept-de-commissions-de-la-sv\\\/#primaryimage\",\"url\":\"https:\\\/\\\/www.idsp.fr\\\/wp-content\\\/uploads\\\/2026\\\/03\\\/Rot-Lila-Modern-Geometrisch-Einladung-Kunst-Ankuendigung-Event-Plakat-Poster.jpg\",\"contentUrl\":\"https:\\\/\\\/www.idsp.fr\\\/wp-content\\\/uploads\\\/2026\\\/03\\\/Rot-Lila-Modern-Geometrisch-Einladung-Kunst-Ankuendigung-Event-Plakat-Poster.jpg\",\"width\":1587,\"height\":2245},{\"@type\":\"BreadcrumbList\",\"@id\":\"https:\\\/\\\/www.idsp.fr\\\/fr\\\/simpliquer-activement-dans-la-vie-de-lecole-le-nouveau-concept-de-commissions-de-la-sv\\\/#breadcrumb\",\"itemListElement\":[{\"@type\":\"ListItem\",\"position\":1,\"name\":\"Startseite\",\"item\":\"https:\\\/\\\/www.idsp.fr\\\/fr\\\/idsp-ecole-allemande-internationale-de-paris\\\/\"},{\"@type\":\"ListItem\",\"position\":2,\"name\":\"S\u2019impliquer activement dans la vie de l\u2019\u00e9cole : le nouveau concept de commissions de la SV\"}]},{\"@type\":\"WebSite\",\"@id\":\"https:\\\/\\\/www.idsp.fr\\\/#website\",\"url\":\"https:\\\/\\\/www.idsp.fr\\\/\",\"name\":\"iDSP - La Schule - Internationale Deutsche Schule Paris\",\"description\":\"\",\"potentialAction\":[{\"@type\":\"SearchAction\",\"target\":{\"@type\":\"EntryPoint\",\"urlTemplate\":\"https:\\\/\\\/www.idsp.fr\\\/?s={search_term_string}\"},\"query-input\":{\"@type\":\"PropertyValueSpecification\",\"valueRequired\":true,\"valueName\":\"search_term_string\"}}],\"inLanguage\":\"fr-FR\"},{\"@type\":\"Person\",\"@id\":\"https:\\\/\\\/www.idsp.fr\\\/#\\\/schema\\\/person\\\/0517169a22659999c4e182efcc674811\",\"name\":\"Marketing Kommunikation\",\"url\":\"https:\\\/\\\/www.idsp.fr\\\/fr\\\/author\\\/celine\\\/\"}]}<\/script>\n<!-- \/ Yoast SEO plugin. -->","yoast_head_json":{"title":"S\u2019impliquer activement dans la vie de l\u2019\u00e9cole : le nouveau concept de commissions de la SV - iDSP - La Schule - Internationale Deutsche Schule Paris","robots":{"index":"index","follow":"follow","max-snippet":"max-snippet:-1","max-image-preview":"max-image-preview:large","max-video-preview":"max-video-preview:-1"},"canonical":"https:\/\/www.idsp.fr\/fr\/simpliquer-activement-dans-la-vie-de-lecole-le-nouveau-concept-de-commissions-de-la-sv\/","og_locale":"fr_FR","og_type":"article","og_title":"S\u2019impliquer activement dans la vie de l\u2019\u00e9cole : le nouveau concept de commissions de la SV - iDSP - La Schule - Internationale Deutsche Schule Paris","og_url":"https:\/\/www.idsp.fr\/fr\/simpliquer-activement-dans-la-vie-de-lecole-le-nouveau-concept-de-commissions-de-la-sv\/","og_site_name":"iDSP - La Schule - Internationale Deutsche Schule Paris","article_published_time":"2026-03-11T12:58:40+00:00","article_modified_time":"2026-03-12T07:40:38+00:00","og_image":[{"width":1587,"height":2245,"url":"https:\/\/www.idsp.fr\/wp-content\/uploads\/2026\/03\/Rot-Lila-Modern-Geometrisch-Einladung-Kunst-Ankuendigung-Event-Plakat-Poster.jpg","type":"image\/jpeg"}],"author":"Marketing Kommunikation","twitter_card":"summary_large_image","twitter_misc":{"\u00c9crit par":"Marketing Kommunikation","Dur\u00e9e de lecture estim\u00e9e":"3 minutes"},"schema":{"@context":"https:\/\/schema.org","@graph":[{"@type":"Article","@id":"https:\/\/www.idsp.fr\/fr\/simpliquer-activement-dans-la-vie-de-lecole-le-nouveau-concept-de-commissions-de-la-sv\/#article","isPartOf":{"@id":"https:\/\/www.idsp.fr\/fr\/simpliquer-activement-dans-la-vie-de-lecole-le-nouveau-concept-de-commissions-de-la-sv\/"},"author":{"name":"Marketing Kommunikation","@id":"https:\/\/www.idsp.fr\/#\/schema\/person\/0517169a22659999c4e182efcc674811"},"headline":"S\u2019impliquer activement dans la vie de l\u2019\u00e9cole : le nouveau concept de commissions de la SV","datePublished":"2026-03-11T12:58:40+00:00","dateModified":"2026-03-12T07:40:38+00:00","mainEntityOfPage":{"@id":"https:\/\/www.idsp.fr\/fr\/simpliquer-activement-dans-la-vie-de-lecole-le-nouveau-concept-de-commissions-de-la-sv\/"},"wordCount":945,"image":{"@id":"https:\/\/www.idsp.fr\/fr\/simpliquer-activement-dans-la-vie-de-lecole-le-nouveau-concept-de-commissions-de-la-sv\/#primaryimage"},"thumbnailUrl":"https:\/\/www.idsp.fr\/wp-content\/uploads\/2026\/03\/Rot-Lila-Modern-Geometrisch-Einladung-Kunst-Ankuendigung-Event-Plakat-Poster.jpg","articleSection":["Actualit\u00e9s du secondaire","Actualit\u00e9s iDSP"],"inLanguage":"fr-FR"},{"@type":"WebPage","@id":"https:\/\/www.idsp.fr\/fr\/simpliquer-activement-dans-la-vie-de-lecole-le-nouveau-concept-de-commissions-de-la-sv\/","url":"https:\/\/www.idsp.fr\/fr\/simpliquer-activement-dans-la-vie-de-lecole-le-nouveau-concept-de-commissions-de-la-sv\/","name":"S\u2019impliquer activement dans la vie de l\u2019\u00e9cole : le nouveau concept de commissions de la SV - iDSP - La Schule - Internationale Deutsche Schule Paris","isPartOf":{"@id":"https:\/\/www.idsp.fr\/#website"},"primaryImageOfPage":{"@id":"https:\/\/www.idsp.fr\/fr\/simpliquer-activement-dans-la-vie-de-lecole-le-nouveau-concept-de-commissions-de-la-sv\/#primaryimage"},"image":{"@id":"https:\/\/www.idsp.fr\/fr\/simpliquer-activement-dans-la-vie-de-lecole-le-nouveau-concept-de-commissions-de-la-sv\/#primaryimage"},"thumbnailUrl":"https:\/\/www.idsp.fr\/wp-content\/uploads\/2026\/03\/Rot-Lila-Modern-Geometrisch-Einladung-Kunst-Ankuendigung-Event-Plakat-Poster.jpg","datePublished":"2026-03-11T12:58:40+00:00","dateModified":"2026-03-12T07:40:38+00:00","author":{"@id":"https:\/\/www.idsp.fr\/#\/schema\/person\/0517169a22659999c4e182efcc674811"},"breadcrumb":{"@id":"https:\/\/www.idsp.fr\/fr\/simpliquer-activement-dans-la-vie-de-lecole-le-nouveau-concept-de-commissions-de-la-sv\/#breadcrumb"},"inLanguage":"fr-FR","potentialAction":[{"@type":"ReadAction","target":["https:\/\/www.idsp.fr\/fr\/simpliquer-activement-dans-la-vie-de-lecole-le-nouveau-concept-de-commissions-de-la-sv\/"]}]},{"@type":"ImageObject","inLanguage":"fr-FR","@id":"https:\/\/www.idsp.fr\/fr\/simpliquer-activement-dans-la-vie-de-lecole-le-nouveau-concept-de-commissions-de-la-sv\/#primaryimage","url":"https:\/\/www.idsp.fr\/wp-content\/uploads\/2026\/03\/Rot-Lila-Modern-Geometrisch-Einladung-Kunst-Ankuendigung-Event-Plakat-Poster.jpg","contentUrl":"https:\/\/www.idsp.fr\/wp-content\/uploads\/2026\/03\/Rot-Lila-Modern-Geometrisch-Einladung-Kunst-Ankuendigung-Event-Plakat-Poster.jpg","width":1587,"height":2245},{"@type":"BreadcrumbList","@id":"https:\/\/www.idsp.fr\/fr\/simpliquer-activement-dans-la-vie-de-lecole-le-nouveau-concept-de-commissions-de-la-sv\/#breadcrumb","itemListElement":[{"@type":"ListItem","position":1,"name":"Startseite","item":"https:\/\/www.idsp.fr\/fr\/idsp-ecole-allemande-internationale-de-paris\/"},{"@type":"ListItem","position":2,"name":"S\u2019impliquer activement dans la vie de l\u2019\u00e9cole : le nouveau concept de commissions de la SV"}]},{"@type":"WebSite","@id":"https:\/\/www.idsp.fr\/#website","url":"https:\/\/www.idsp.fr\/","name":"iDSP - La Schule - Internationale Deutsche Schule Paris","description":"","potentialAction":[{"@type":"SearchAction","target":{"@type":"EntryPoint","urlTemplate":"https:\/\/www.idsp.fr\/?s={search_term_string}"},"query-input":{"@type":"PropertyValueSpecification","valueRequired":true,"valueName":"search_term_string"}}],"inLanguage":"fr-FR"},{"@type":"Person","@id":"https:\/\/www.idsp.fr\/#\/schema\/person\/0517169a22659999c4e182efcc674811","name":"Marketing Kommunikation","url":"https:\/\/www.idsp.fr\/fr\/author\/celine\/"}]}},"_links":{"self":[{"href":"https:\/\/www.idsp.fr\/fr\/wp-json\/wp\/v2\/posts\/34627","targetHints":{"allow":["GET"]}}],"collection":[{"href":"https:\/\/www.idsp.fr\/fr\/wp-json\/wp\/v2\/posts"}],"about":[{"href":"https:\/\/www.idsp.fr\/fr\/wp-json\/wp\/v2\/types\/post"}],"author":[{"embeddable":true,"href":"https:\/\/www.idsp.fr\/fr\/wp-json\/wp\/v2\/users\/3"}],"replies":[{"embeddable":true,"href":"https:\/\/www.idsp.fr\/fr\/wp-json\/wp\/v2\/comments?post=34627"}],"version-history":[{"count":1,"href":"https:\/\/www.idsp.fr\/fr\/wp-json\/wp\/v2\/posts\/34627\/revisions"}],"predecessor-version":[{"id":34628,"href":"https:\/\/www.idsp.fr\/fr\/wp-json\/wp\/v2\/posts\/34627\/revisions\/34628"}],"wp:featuredmedia":[{"embeddable":true,"href":"https:\/\/www.idsp.fr\/fr\/wp-json\/wp\/v2\/media\/34623"}],"wp:attachment":[{"href":"https:\/\/www.idsp.fr\/fr\/wp-json\/wp\/v2\/media?parent=34627"}],"wp:term":[{"taxonomy":"category","embeddable":true,"href":"https:\/\/www.idsp.fr\/fr\/wp-json\/wp\/v2\/categories?post=34627"},{"taxonomy":"post_tag","embeddable":true,"href":"https:\/\/www.idsp.fr\/fr\/wp-json\/wp\/v2\/tags?post=34627"}],"curies":[{"name":"wp","href":"https:\/\/api.w.org\/{rel}","templated":true}]}}