{"id":34617,"date":"2026-03-11T10:40:24","date_gmt":"2026-03-11T09:40:24","guid":{"rendered":"https:\/\/www.idsp.fr\/?p=34617"},"modified":"2026-03-11T10:40:27","modified_gmt":"2026-03-11T09:40:27","slug":"vacances-linguistiques-a-lidsp-apprendre-les-langues-dans-une-atmosphere-de-vacances","status":"publish","type":"post","link":"https:\/\/www.idsp.fr\/fr\/vacances-linguistiques-a-lidsp-apprendre-les-langues-dans-une-atmosphere-de-vacances\/","title":{"rendered":"Vacances linguistiques \u00e0 l\u2019iDSP : apprendre les langues dans une atmosph\u00e8re de vacances"},"content":{"rendered":"\n<style type=\"text\/css\" data-created_by=\"avia_inline_auto\" id=\"style-css-av-av_section-21c48b69e22c6432fc4a661b10db35ad\">\n.avia-section.av-av_section-21c48b69e22c6432fc4a661b10db35ad{\nbackground-color:#024d7d;\nbackground-image:unset;\n}\n<\/style>\n<div id='av_section_1'  class='avia-section av-av_section-21c48b69e22c6432fc4a661b10db35ad main_color avia-section-small avia-no-border-styling  avia-builder-el-0  el_before_av_heading  avia-builder-el-first  avia-bg-style-scroll av-minimum-height av-minimum-height-custom av-height-custom  container_wrap sidebar_right'   data-av_minimum_height_px='100'><div class='container av-section-cont-open' style='height:100px'><main  role=\"main\" itemprop=\"mainContentOfPage\"  class='template-page content  av-content-small alpha units'><div class='post-entry post-entry-type-page post-entry-34617'><div class='entry-content-wrapper clearfix'>\n\n<style type=\"text\/css\" data-created_by=\"avia_inline_auto\" id=\"style-css-av-mmluhoku-0553bb16591691342ffb8929fc82ddc4\">\n#top .av-special-heading.av-mmluhoku-0553bb16591691342ffb8929fc82ddc4{\npadding-bottom:10px;\ncolor:#ffffff;\n}\nbody .av-special-heading.av-mmluhoku-0553bb16591691342ffb8929fc82ddc4 .av-special-heading-tag .heading-char{\nfont-size:25px;\n}\n.av-special-heading.av-mmluhoku-0553bb16591691342ffb8929fc82ddc4 .special-heading-inner-border{\nborder-color:#ffffff;\n}\n.av-special-heading.av-mmluhoku-0553bb16591691342ffb8929fc82ddc4 .av-subheading{\nfont-size:15px;\n}\n<\/style>\n<div  class='av-special-heading av-mmluhoku-0553bb16591691342ffb8929fc82ddc4 av-special-heading-h2 custom-color-heading  avia-builder-el-1  avia-builder-el-no-sibling '><h2 class='av-special-heading-tag '  itemprop=\"headline\"  >Vacances linguistiques<\/h2><div class=\"special-heading-border\"><div class=\"special-heading-inner-border\"><\/div><\/div><\/div>\n<\/div><\/div><\/main><!-- close content main element --><\/div><\/div><div id='after_section_1'  class='main_color av_default_container_wrap container_wrap sidebar_right'  ><div class='container av-section-cont-open' ><div class='template-page content  av-content-small alpha units'><div class='post-entry post-entry-type-page post-entry-34617'><div class='entry-content-wrapper clearfix'>\n<style type=\"text\/css\" data-created_by=\"avia_inline_auto\" id=\"style-css-av-mmlui13c-2e8103c2ebe31c45e95bc5e950621d19\">\n#top .av-special-heading.av-mmlui13c-2e8103c2ebe31c45e95bc5e950621d19{\npadding-bottom:25px;\n}\nbody .av-special-heading.av-mmlui13c-2e8103c2ebe31c45e95bc5e950621d19 .av-special-heading-tag .heading-char{\nfont-size:25px;\n}\n.av-special-heading.av-mmlui13c-2e8103c2ebe31c45e95bc5e950621d19 .av-subheading{\nfont-size:15px;\n}\n<\/style>\n<div  class='av-special-heading av-mmlui13c-2e8103c2ebe31c45e95bc5e950621d19 av-special-heading-h1 blockquote modern-quote  avia-builder-el-2  el_after_av_section  el_before_av_textblock  avia-builder-el-first '><h1 class='av-special-heading-tag '  itemprop=\"headline\"  >Vacances linguistiques \u00e0 l\u2019iDSP : apprendre les langues dans une atmosph\u00e8re de vacances<\/h1><div class='av-subheading av-subheading_below'><p>par Frederike Savary<\/p>\n<\/div><div class=\"special-heading-border\"><div class=\"special-heading-inner-border\"><\/div><\/div><\/div><\/p>\n<section  class='av_textblock_section av-mmlujh7n-441d065bb46efbb01dbf0b321067ad76 '   itemscope=\"itemscope\" itemtype=\"https:\/\/schema.org\/BlogPosting\" itemprop=\"blogPost\" ><div class='avia_textblock'  itemprop=\"text\" ><blockquote>\n<p>Pendant les vacances de f\u00e9vrier, l\u2019iDSP a accueilli une nouvelle \u00e9dition de ses vacances linguistiques. <strong>Treize \u00e9l\u00e8ves ont pass\u00e9 la semaine ensemble dans un groupe franco-allemand, entre activit\u00e9s, \u00e9changes et moments d\u2019apprentissage.<\/strong><\/p>\n<\/blockquote>\n<p>Au fil des journ\u00e9es, les langues circulaient naturellement : un jeu en allemand, une discussion en fran\u00e7ais, puis l\u2019inverse. Dans cette ambiance d\u00e9tendue, les \u00e9l\u00e8ves ont pris confiance, os\u00e9 s\u2019exprimer davantage et utilis\u00e9 les deux langues avec de plus en plus d\u2019aisance.<\/p>\n<p>Les retours des participants t\u00e9moignent de cette belle dynamique. Un \u00e9l\u00e8ve r\u00e9sume simplement son exp\u00e9rience : \u00ab\u00a0J\u2019ai ador\u00e9 cette semaine!\u00a0\u00bb<\/p>\n<\/div><\/section>\n\n<style type=\"text\/css\" data-created_by=\"avia_inline_auto\" id=\"style-css-av-av_hr-ecec01c1a62feb8bfc9f43a45319c97d\">\n#top .hr.hr-invisible.av-av_hr-ecec01c1a62feb8bfc9f43a45319c97d{\nheight:25px;\n}\n<\/style>\n<div  class='hr av-av_hr-ecec01c1a62feb8bfc9f43a45319c97d hr-invisible  avia-builder-el-4  el_after_av_textblock  el_before_av_one_full '><span class='hr-inner '><span class=\"hr-inner-style\"><\/span><\/span><\/div>\n<div  class='flex_column av-av_one_full-a2cef933b0a555f25d1e39b22a8e9dae av_one_full  avia-builder-el-5  el_after_av_hr  el_before_av_hr  first flex_column_div  '     ><div id='av-masonry-1' class='av-masonry av-av_masonry_gallery-5995300f2f7cef44f62daf811516e6a7 noHover av-fixed-size av-1px-gap av-hover-overlay- av-masonry-animation-active av-masonry-col-2 av-caption-always av-caption-style- av-masonry-gallery ' data-post_id=\"34617\"><div class=\"av-masonry-container isotope av-js-disabled\"><div class='av-masonry-entry isotope-item av-masonry-item-no-image '><\/div><a href=\"https:\/\/www.idsp.fr\/wp-content\/uploads\/2026\/03\/image1-2-1030x593.jpg\" data-srcset=\"https:\/\/www.idsp.fr\/wp-content\/uploads\/2026\/03\/image1-2-1030x593.jpg 1030w, https:\/\/www.idsp.fr\/wp-content\/uploads\/2026\/03\/image1-2-340x196.jpg 340w, https:\/\/www.idsp.fr\/wp-content\/uploads\/2026\/03\/image1-2-768x442.jpg 768w, https:\/\/www.idsp.fr\/wp-content\/uploads\/2026\/03\/image1-2-705x406.jpg 705w, https:\/\/www.idsp.fr\/wp-content\/uploads\/2026\/03\/image1-2.jpg 1500w\" data-sizes=\"(max-width: 1030px) 100vw, 1030px\"  aria-label=\"image image1 (2)\"  id='av-masonry-1-item-34610' data-av-masonry-item='34610' class='av-masonry-entry isotope-item post-34610 attachment type-attachment status-inherit hentry  av-masonry-item-with-image' title=\"image1 (2)\" alt=\"\"    itemprop=\"thumbnailUrl\" ><div class='av-inner-masonry-sizer'><\/div><figure class='av-inner-masonry main_color'><div class=\"av-masonry-outerimage-container\"><div class='av-masonry-image-container' style=\"background-image: url(https:\/\/www.idsp.fr\/wp-content\/uploads\/2026\/03\/image1-2-705x406.jpg);\"  title=\"image1 (2)\" ><\/div><\/div><\/figure><\/a><!--end av-masonry entry--><a href=\"https:\/\/www.idsp.fr\/wp-content\/uploads\/2026\/03\/image0-1-1030x773.webp\" data-srcset=\"https:\/\/www.idsp.fr\/wp-content\/uploads\/2026\/03\/image0-1-1030x773.webp 1030w, https:\/\/www.idsp.fr\/wp-content\/uploads\/2026\/03\/image0-1-340x255.webp 340w, https:\/\/www.idsp.fr\/wp-content\/uploads\/2026\/03\/image0-1-768x576.webp 768w, https:\/\/www.idsp.fr\/wp-content\/uploads\/2026\/03\/image0-1-705x529.webp 705w, https:\/\/www.idsp.fr\/wp-content\/uploads\/2026\/03\/image0-1.webp 1500w\" data-sizes=\"(max-width: 1030px) 100vw, 1030px\"  aria-label=\"image image0\"  id='av-masonry-1-item-34614' data-av-masonry-item='34614' class='av-masonry-entry isotope-item post-34614 attachment type-attachment status-inherit hentry  av-masonry-item-with-image' title=\"image0\" alt=\"\"    itemprop=\"thumbnailUrl\" ><div class='av-inner-masonry-sizer'><\/div><figure class='av-inner-masonry main_color'><div class=\"av-masonry-outerimage-container\"><div class='av-masonry-image-container' style=\"background-image: url(https:\/\/www.idsp.fr\/wp-content\/uploads\/2026\/03\/image0-1-705x529.webp);\"  title=\"image0\" ><\/div><\/div><\/figure><\/a><!--end av-masonry entry--><\/div><\/div><\/div>\n\n<style type=\"text\/css\" data-created_by=\"avia_inline_auto\" id=\"style-css-av-av_hr-ecec01c1a62feb8bfc9f43a45319c97d\">\n#top .hr.hr-invisible.av-av_hr-ecec01c1a62feb8bfc9f43a45319c97d{\nheight:25px;\n}\n<\/style>\n<div  class='hr av-av_hr-ecec01c1a62feb8bfc9f43a45319c97d hr-invisible  avia-builder-el-7  el_after_av_one_full  el_before_av_textblock '><span class='hr-inner '><span class=\"hr-inner-style\"><\/span><\/span><\/div>\n<section  class='av_textblock_section av-mmluk9md-03881efecdb9750db5166f71143eaae5 '   itemscope=\"itemscope\" itemtype=\"https:\/\/schema.org\/BlogPosting\" itemprop=\"blogPost\" ><div class='avia_textblock'  itemprop=\"text\" ><p>Les parents ont eux aussi remarqu\u00e9 les progr\u00e8s :<br \/>\n\u00ab Je profite pour vous dire que je suis impressionn\u00e9e par le travail linguistique pendant ces quelques jours. Ma fille notamment est tr\u00e8s fi\u00e8re de montrer ses progr\u00e8s le soir. \u00bb<\/p>\n<p>Ces vacances linguistiques illustrent concr\u00e8tement l\u2019une des dimensions essentielles de l\u2019iDSP : <strong>le plurilinguisme et l\u2019aisance interculturelle<\/strong>, qui se construisent ici dans la pratique, au fil des \u00e9changes et des exp\u00e9riences partag\u00e9es.<\/p>\n<p><strong>Une nouvelle \u00e9dition est d\u00e9j\u00e0 pr\u00e9vue pour l\u2019\u00e9t\u00e9.<\/strong><\/p>\n<\/div><\/section>\n","protected":false},"excerpt":{"rendered":"","protected":false},"author":3,"featured_media":34610,"comment_status":"closed","ping_status":"closed","sticky":false,"template":"","format":"standard","meta":{"footnotes":""},"categories":[22,23],"tags":[],"class_list":["post-34617","post","type-post","status-publish","format-standard","has-post-thumbnail","hentry","category-actualites-secondaire","category-actualites-idsp"],"yoast_head":"<!-- This site is optimized with the Yoast SEO plugin v27.4 - https:\/\/yoast.com\/product\/yoast-seo-wordpress\/ -->\n<title>Vacances linguistiques \u00e0 l\u2019iDSP : apprendre les langues dans une atmosph\u00e8re de vacances - iDSP - La Schule - Internationale Deutsche Schule Paris<\/title>\n<meta name=\"robots\" content=\"index, follow, max-snippet:-1, max-image-preview:large, max-video-preview:-1\" \/>\n<link rel=\"canonical\" href=\"https:\/\/www.idsp.fr\/fr\/vacances-linguistiques-a-lidsp-apprendre-les-langues-dans-une-atmosphere-de-vacances\/\" \/>\n<meta property=\"og:locale\" content=\"fr_FR\" \/>\n<meta property=\"og:type\" content=\"article\" \/>\n<meta property=\"og:title\" content=\"Vacances linguistiques \u00e0 l\u2019iDSP : apprendre les langues dans une atmosph\u00e8re de vacances - iDSP - La Schule - Internationale Deutsche Schule Paris\" \/>\n<meta property=\"og:url\" content=\"https:\/\/www.idsp.fr\/fr\/vacances-linguistiques-a-lidsp-apprendre-les-langues-dans-une-atmosphere-de-vacances\/\" \/>\n<meta property=\"og:site_name\" content=\"iDSP - La Schule - Internationale Deutsche Schule Paris\" \/>\n<meta property=\"article:published_time\" content=\"2026-03-11T09:40:24+00:00\" \/>\n<meta property=\"article:modified_time\" content=\"2026-03-11T09:40:27+00:00\" \/>\n<meta property=\"og:image\" content=\"https:\/\/www.idsp.fr\/wp-content\/uploads\/2026\/03\/image1-2.jpg\" \/>\n\t<meta property=\"og:image:width\" content=\"1500\" \/>\n\t<meta property=\"og:image:height\" content=\"864\" \/>\n\t<meta property=\"og:image:type\" content=\"image\/jpeg\" \/>\n<meta name=\"author\" content=\"Marketing Kommunikation\" \/>\n<meta name=\"twitter:card\" content=\"summary_large_image\" \/>\n<meta name=\"twitter:label1\" content=\"\u00c9crit par\" \/>\n\t<meta name=\"twitter:data1\" content=\"Marketing Kommunikation\" \/>\n\t<meta name=\"twitter:label2\" content=\"Dur\u00e9e de lecture estim\u00e9e\" \/>\n\t<meta name=\"twitter:data2\" content=\"1 minute\" \/>\n<script type=\"application\/ld+json\" class=\"yoast-schema-graph\">{\"@context\":\"https:\\\/\\\/schema.org\",\"@graph\":[{\"@type\":\"Article\",\"@id\":\"https:\\\/\\\/www.idsp.fr\\\/fr\\\/vacances-linguistiques-a-lidsp-apprendre-les-langues-dans-une-atmosphere-de-vacances\\\/#article\",\"isPartOf\":{\"@id\":\"https:\\\/\\\/www.idsp.fr\\\/fr\\\/vacances-linguistiques-a-lidsp-apprendre-les-langues-dans-une-atmosphere-de-vacances\\\/\"},\"author\":{\"name\":\"Marketing Kommunikation\",\"@id\":\"https:\\\/\\\/www.idsp.fr\\\/#\\\/schema\\\/person\\\/0517169a22659999c4e182efcc674811\"},\"headline\":\"Vacances linguistiques \u00e0 l\u2019iDSP : apprendre les langues dans une atmosph\u00e8re de vacances\",\"datePublished\":\"2026-03-11T09:40:24+00:00\",\"dateModified\":\"2026-03-11T09:40:27+00:00\",\"mainEntityOfPage\":{\"@id\":\"https:\\\/\\\/www.idsp.fr\\\/fr\\\/vacances-linguistiques-a-lidsp-apprendre-les-langues-dans-une-atmosphere-de-vacances\\\/\"},\"wordCount\":1341,\"image\":{\"@id\":\"https:\\\/\\\/www.idsp.fr\\\/fr\\\/vacances-linguistiques-a-lidsp-apprendre-les-langues-dans-une-atmosphere-de-vacances\\\/#primaryimage\"},\"thumbnailUrl\":\"https:\\\/\\\/www.idsp.fr\\\/wp-content\\\/uploads\\\/2026\\\/03\\\/image1-2.jpg\",\"articleSection\":[\"Actualit\u00e9s du secondaire\",\"Actualit\u00e9s iDSP\"],\"inLanguage\":\"fr-FR\"},{\"@type\":\"WebPage\",\"@id\":\"https:\\\/\\\/www.idsp.fr\\\/fr\\\/vacances-linguistiques-a-lidsp-apprendre-les-langues-dans-une-atmosphere-de-vacances\\\/\",\"url\":\"https:\\\/\\\/www.idsp.fr\\\/fr\\\/vacances-linguistiques-a-lidsp-apprendre-les-langues-dans-une-atmosphere-de-vacances\\\/\",\"name\":\"Vacances linguistiques \u00e0 l\u2019iDSP : apprendre les langues dans une atmosph\u00e8re de vacances - iDSP - La Schule - Internationale Deutsche Schule Paris\",\"isPartOf\":{\"@id\":\"https:\\\/\\\/www.idsp.fr\\\/#website\"},\"primaryImageOfPage\":{\"@id\":\"https:\\\/\\\/www.idsp.fr\\\/fr\\\/vacances-linguistiques-a-lidsp-apprendre-les-langues-dans-une-atmosphere-de-vacances\\\/#primaryimage\"},\"image\":{\"@id\":\"https:\\\/\\\/www.idsp.fr\\\/fr\\\/vacances-linguistiques-a-lidsp-apprendre-les-langues-dans-une-atmosphere-de-vacances\\\/#primaryimage\"},\"thumbnailUrl\":\"https:\\\/\\\/www.idsp.fr\\\/wp-content\\\/uploads\\\/2026\\\/03\\\/image1-2.jpg\",\"datePublished\":\"2026-03-11T09:40:24+00:00\",\"dateModified\":\"2026-03-11T09:40:27+00:00\",\"author\":{\"@id\":\"https:\\\/\\\/www.idsp.fr\\\/#\\\/schema\\\/person\\\/0517169a22659999c4e182efcc674811\"},\"breadcrumb\":{\"@id\":\"https:\\\/\\\/www.idsp.fr\\\/fr\\\/vacances-linguistiques-a-lidsp-apprendre-les-langues-dans-une-atmosphere-de-vacances\\\/#breadcrumb\"},\"inLanguage\":\"fr-FR\",\"potentialAction\":[{\"@type\":\"ReadAction\",\"target\":[\"https:\\\/\\\/www.idsp.fr\\\/fr\\\/vacances-linguistiques-a-lidsp-apprendre-les-langues-dans-une-atmosphere-de-vacances\\\/\"]}]},{\"@type\":\"ImageObject\",\"inLanguage\":\"fr-FR\",\"@id\":\"https:\\\/\\\/www.idsp.fr\\\/fr\\\/vacances-linguistiques-a-lidsp-apprendre-les-langues-dans-une-atmosphere-de-vacances\\\/#primaryimage\",\"url\":\"https:\\\/\\\/www.idsp.fr\\\/wp-content\\\/uploads\\\/2026\\\/03\\\/image1-2.jpg\",\"contentUrl\":\"https:\\\/\\\/www.idsp.fr\\\/wp-content\\\/uploads\\\/2026\\\/03\\\/image1-2.jpg\",\"width\":1500,\"height\":864},{\"@type\":\"BreadcrumbList\",\"@id\":\"https:\\\/\\\/www.idsp.fr\\\/fr\\\/vacances-linguistiques-a-lidsp-apprendre-les-langues-dans-une-atmosphere-de-vacances\\\/#breadcrumb\",\"itemListElement\":[{\"@type\":\"ListItem\",\"position\":1,\"name\":\"Startseite\",\"item\":\"https:\\\/\\\/www.idsp.fr\\\/fr\\\/idsp-ecole-allemande-internationale-de-paris\\\/\"},{\"@type\":\"ListItem\",\"position\":2,\"name\":\"Vacances linguistiques \u00e0 l\u2019iDSP : apprendre les langues dans une atmosph\u00e8re de vacances\"}]},{\"@type\":\"WebSite\",\"@id\":\"https:\\\/\\\/www.idsp.fr\\\/#website\",\"url\":\"https:\\\/\\\/www.idsp.fr\\\/\",\"name\":\"iDSP - La Schule - Internationale Deutsche Schule Paris\",\"description\":\"\",\"potentialAction\":[{\"@type\":\"SearchAction\",\"target\":{\"@type\":\"EntryPoint\",\"urlTemplate\":\"https:\\\/\\\/www.idsp.fr\\\/?s={search_term_string}\"},\"query-input\":{\"@type\":\"PropertyValueSpecification\",\"valueRequired\":true,\"valueName\":\"search_term_string\"}}],\"inLanguage\":\"fr-FR\"},{\"@type\":\"Person\",\"@id\":\"https:\\\/\\\/www.idsp.fr\\\/#\\\/schema\\\/person\\\/0517169a22659999c4e182efcc674811\",\"name\":\"Marketing Kommunikation\",\"url\":\"https:\\\/\\\/www.idsp.fr\\\/fr\\\/author\\\/celine\\\/\"}]}<\/script>\n<!-- \/ Yoast SEO plugin. -->","yoast_head_json":{"title":"Vacances linguistiques \u00e0 l\u2019iDSP : apprendre les langues dans une atmosph\u00e8re de vacances - iDSP - La Schule - Internationale Deutsche Schule Paris","robots":{"index":"index","follow":"follow","max-snippet":"max-snippet:-1","max-image-preview":"max-image-preview:large","max-video-preview":"max-video-preview:-1"},"canonical":"https:\/\/www.idsp.fr\/fr\/vacances-linguistiques-a-lidsp-apprendre-les-langues-dans-une-atmosphere-de-vacances\/","og_locale":"fr_FR","og_type":"article","og_title":"Vacances linguistiques \u00e0 l\u2019iDSP : apprendre les langues dans une atmosph\u00e8re de vacances - iDSP - La Schule - Internationale Deutsche Schule Paris","og_url":"https:\/\/www.idsp.fr\/fr\/vacances-linguistiques-a-lidsp-apprendre-les-langues-dans-une-atmosphere-de-vacances\/","og_site_name":"iDSP - La Schule - Internationale Deutsche Schule Paris","article_published_time":"2026-03-11T09:40:24+00:00","article_modified_time":"2026-03-11T09:40:27+00:00","og_image":[{"width":1500,"height":864,"url":"https:\/\/www.idsp.fr\/wp-content\/uploads\/2026\/03\/image1-2.jpg","type":"image\/jpeg"}],"author":"Marketing Kommunikation","twitter_card":"summary_large_image","twitter_misc":{"\u00c9crit par":"Marketing Kommunikation","Dur\u00e9e de lecture estim\u00e9e":"1 minute"},"schema":{"@context":"https:\/\/schema.org","@graph":[{"@type":"Article","@id":"https:\/\/www.idsp.fr\/fr\/vacances-linguistiques-a-lidsp-apprendre-les-langues-dans-une-atmosphere-de-vacances\/#article","isPartOf":{"@id":"https:\/\/www.idsp.fr\/fr\/vacances-linguistiques-a-lidsp-apprendre-les-langues-dans-une-atmosphere-de-vacances\/"},"author":{"name":"Marketing Kommunikation","@id":"https:\/\/www.idsp.fr\/#\/schema\/person\/0517169a22659999c4e182efcc674811"},"headline":"Vacances linguistiques \u00e0 l\u2019iDSP : apprendre les langues dans une atmosph\u00e8re de vacances","datePublished":"2026-03-11T09:40:24+00:00","dateModified":"2026-03-11T09:40:27+00:00","mainEntityOfPage":{"@id":"https:\/\/www.idsp.fr\/fr\/vacances-linguistiques-a-lidsp-apprendre-les-langues-dans-une-atmosphere-de-vacances\/"},"wordCount":1341,"image":{"@id":"https:\/\/www.idsp.fr\/fr\/vacances-linguistiques-a-lidsp-apprendre-les-langues-dans-une-atmosphere-de-vacances\/#primaryimage"},"thumbnailUrl":"https:\/\/www.idsp.fr\/wp-content\/uploads\/2026\/03\/image1-2.jpg","articleSection":["Actualit\u00e9s du secondaire","Actualit\u00e9s iDSP"],"inLanguage":"fr-FR"},{"@type":"WebPage","@id":"https:\/\/www.idsp.fr\/fr\/vacances-linguistiques-a-lidsp-apprendre-les-langues-dans-une-atmosphere-de-vacances\/","url":"https:\/\/www.idsp.fr\/fr\/vacances-linguistiques-a-lidsp-apprendre-les-langues-dans-une-atmosphere-de-vacances\/","name":"Vacances linguistiques \u00e0 l\u2019iDSP : apprendre les langues dans une atmosph\u00e8re de vacances - iDSP - La Schule - Internationale Deutsche Schule Paris","isPartOf":{"@id":"https:\/\/www.idsp.fr\/#website"},"primaryImageOfPage":{"@id":"https:\/\/www.idsp.fr\/fr\/vacances-linguistiques-a-lidsp-apprendre-les-langues-dans-une-atmosphere-de-vacances\/#primaryimage"},"image":{"@id":"https:\/\/www.idsp.fr\/fr\/vacances-linguistiques-a-lidsp-apprendre-les-langues-dans-une-atmosphere-de-vacances\/#primaryimage"},"thumbnailUrl":"https:\/\/www.idsp.fr\/wp-content\/uploads\/2026\/03\/image1-2.jpg","datePublished":"2026-03-11T09:40:24+00:00","dateModified":"2026-03-11T09:40:27+00:00","author":{"@id":"https:\/\/www.idsp.fr\/#\/schema\/person\/0517169a22659999c4e182efcc674811"},"breadcrumb":{"@id":"https:\/\/www.idsp.fr\/fr\/vacances-linguistiques-a-lidsp-apprendre-les-langues-dans-une-atmosphere-de-vacances\/#breadcrumb"},"inLanguage":"fr-FR","potentialAction":[{"@type":"ReadAction","target":["https:\/\/www.idsp.fr\/fr\/vacances-linguistiques-a-lidsp-apprendre-les-langues-dans-une-atmosphere-de-vacances\/"]}]},{"@type":"ImageObject","inLanguage":"fr-FR","@id":"https:\/\/www.idsp.fr\/fr\/vacances-linguistiques-a-lidsp-apprendre-les-langues-dans-une-atmosphere-de-vacances\/#primaryimage","url":"https:\/\/www.idsp.fr\/wp-content\/uploads\/2026\/03\/image1-2.jpg","contentUrl":"https:\/\/www.idsp.fr\/wp-content\/uploads\/2026\/03\/image1-2.jpg","width":1500,"height":864},{"@type":"BreadcrumbList","@id":"https:\/\/www.idsp.fr\/fr\/vacances-linguistiques-a-lidsp-apprendre-les-langues-dans-une-atmosphere-de-vacances\/#breadcrumb","itemListElement":[{"@type":"ListItem","position":1,"name":"Startseite","item":"https:\/\/www.idsp.fr\/fr\/idsp-ecole-allemande-internationale-de-paris\/"},{"@type":"ListItem","position":2,"name":"Vacances linguistiques \u00e0 l\u2019iDSP : apprendre les langues dans une atmosph\u00e8re de vacances"}]},{"@type":"WebSite","@id":"https:\/\/www.idsp.fr\/#website","url":"https:\/\/www.idsp.fr\/","name":"iDSP - La Schule - Internationale Deutsche Schule Paris","description":"","potentialAction":[{"@type":"SearchAction","target":{"@type":"EntryPoint","urlTemplate":"https:\/\/www.idsp.fr\/?s={search_term_string}"},"query-input":{"@type":"PropertyValueSpecification","valueRequired":true,"valueName":"search_term_string"}}],"inLanguage":"fr-FR"},{"@type":"Person","@id":"https:\/\/www.idsp.fr\/#\/schema\/person\/0517169a22659999c4e182efcc674811","name":"Marketing Kommunikation","url":"https:\/\/www.idsp.fr\/fr\/author\/celine\/"}]}},"_links":{"self":[{"href":"https:\/\/www.idsp.fr\/fr\/wp-json\/wp\/v2\/posts\/34617","targetHints":{"allow":["GET"]}}],"collection":[{"href":"https:\/\/www.idsp.fr\/fr\/wp-json\/wp\/v2\/posts"}],"about":[{"href":"https:\/\/www.idsp.fr\/fr\/wp-json\/wp\/v2\/types\/post"}],"author":[{"embeddable":true,"href":"https:\/\/www.idsp.fr\/fr\/wp-json\/wp\/v2\/users\/3"}],"replies":[{"embeddable":true,"href":"https:\/\/www.idsp.fr\/fr\/wp-json\/wp\/v2\/comments?post=34617"}],"version-history":[{"count":4,"href":"https:\/\/www.idsp.fr\/fr\/wp-json\/wp\/v2\/posts\/34617\/revisions"}],"predecessor-version":[{"id":34621,"href":"https:\/\/www.idsp.fr\/fr\/wp-json\/wp\/v2\/posts\/34617\/revisions\/34621"}],"wp:featuredmedia":[{"embeddable":true,"href":"https:\/\/www.idsp.fr\/fr\/wp-json\/wp\/v2\/media\/34610"}],"wp:attachment":[{"href":"https:\/\/www.idsp.fr\/fr\/wp-json\/wp\/v2\/media?parent=34617"}],"wp:term":[{"taxonomy":"category","embeddable":true,"href":"https:\/\/www.idsp.fr\/fr\/wp-json\/wp\/v2\/categories?post=34617"},{"taxonomy":"post_tag","embeddable":true,"href":"https:\/\/www.idsp.fr\/fr\/wp-json\/wp\/v2\/tags?post=34617"}],"curies":[{"name":"wp","href":"https:\/\/api.w.org\/{rel}","templated":true}]}}