{"id":34599,"date":"2026-03-11T10:04:33","date_gmt":"2026-03-11T09:04:33","guid":{"rendered":"https:\/\/www.idsp.fr\/?p=34599"},"modified":"2026-03-12T08:51:36","modified_gmt":"2026-03-12T07:51:36","slug":"ouverture-traditionnelle-du-bal-autrichien-2026","status":"publish","type":"post","link":"https:\/\/www.idsp.fr\/fr\/ouverture-traditionnelle-du-bal-autrichien-2026\/","title":{"rendered":"Ouverture traditionnelle du Bal autrichien 2026"},"content":{"rendered":"\n<style type=\"text\/css\" data-created_by=\"avia_inline_auto\" id=\"style-css-av-av_section-21c48b69e22c6432fc4a661b10db35ad\">\n.avia-section.av-av_section-21c48b69e22c6432fc4a661b10db35ad{\nbackground-color:#024d7d;\nbackground-image:unset;\n}\n<\/style>\n<div id='av_section_1'  class='avia-section av-av_section-21c48b69e22c6432fc4a661b10db35ad main_color avia-section-small avia-no-border-styling  avia-builder-el-0  el_before_av_heading  avia-builder-el-first  avia-bg-style-scroll av-minimum-height av-minimum-height-custom av-height-custom  container_wrap sidebar_right'   data-av_minimum_height_px='100'><div class='container av-section-cont-open' style='height:100px'><main  role=\"main\" itemprop=\"mainContentOfPage\"  class='template-page content  av-content-small alpha units'><div class='post-entry post-entry-type-page post-entry-34599'><div class='entry-content-wrapper clearfix'>\n\n<style type=\"text\/css\" data-created_by=\"avia_inline_auto\" id=\"style-css-av-mmlt8ppl-b3c8effe896c4bcf9714246e2aa75c80\">\n#top .av-special-heading.av-mmlt8ppl-b3c8effe896c4bcf9714246e2aa75c80{\npadding-bottom:10px;\ncolor:#ffffff;\n}\nbody .av-special-heading.av-mmlt8ppl-b3c8effe896c4bcf9714246e2aa75c80 .av-special-heading-tag .heading-char{\nfont-size:25px;\n}\n.av-special-heading.av-mmlt8ppl-b3c8effe896c4bcf9714246e2aa75c80 .special-heading-inner-border{\nborder-color:#ffffff;\n}\n.av-special-heading.av-mmlt8ppl-b3c8effe896c4bcf9714246e2aa75c80 .av-subheading{\nfont-size:15px;\n}\n<\/style>\n<div  class='av-special-heading av-mmlt8ppl-b3c8effe896c4bcf9714246e2aa75c80 av-special-heading-h2 custom-color-heading  avia-builder-el-1  avia-builder-el-no-sibling '><h2 class='av-special-heading-tag '  itemprop=\"headline\"  >Actualit\u00e9s du secondaire<\/h2><div class=\"special-heading-border\"><div class=\"special-heading-inner-border\"><\/div><\/div><\/div>\n<\/div><\/div><\/main><!-- close content main element --><\/div><\/div><div id='after_section_1'  class='main_color av_default_container_wrap container_wrap sidebar_right'  ><div class='container av-section-cont-open' ><div class='template-page content  av-content-small alpha units'><div class='post-entry post-entry-type-page post-entry-34599'><div class='entry-content-wrapper clearfix'>\n\n<style type=\"text\/css\" data-created_by=\"avia_inline_auto\" id=\"style-css-av-mmltcesd-c8bcb83d85e6dd521a59301ae3fbcbcd\">\n#top .av-special-heading.av-mmltcesd-c8bcb83d85e6dd521a59301ae3fbcbcd{\npadding-bottom:25px;\n}\nbody .av-special-heading.av-mmltcesd-c8bcb83d85e6dd521a59301ae3fbcbcd .av-special-heading-tag .heading-char{\nfont-size:25px;\n}\n.av-special-heading.av-mmltcesd-c8bcb83d85e6dd521a59301ae3fbcbcd .av-subheading{\nfont-size:15px;\n}\n<\/style>\n<div  class='av-special-heading av-mmltcesd-c8bcb83d85e6dd521a59301ae3fbcbcd av-special-heading-h1 blockquote modern-quote  avia-builder-el-2  el_after_av_section  el_before_av_textblock  avia-builder-el-first '><h1 class='av-special-heading-tag '  itemprop=\"headline\"  >Ouverture traditionnelle du Bal autrichien 2026<\/h1><div class='av-subheading av-subheading_below'><p>par C\u00e9line Riewenherm<\/p>\n<\/div><div class=\"special-heading-border\"><div class=\"special-heading-inner-border\"><\/div><\/div><\/div>\n<section  class='av_textblock_section av-mmltadpb-9db8b012bb38109e5e68e514ca5525b6 '   itemscope=\"itemscope\" itemtype=\"https:\/\/schema.org\/BlogPosting\" itemprop=\"blogPost\" ><div class='avia_textblock'  itemprop=\"text\" ><p>Le 14 f\u00e9vrier, le Bal autrichien de Paris s\u2019est tenu \u00e0 l\u2019H\u00f4tel InterContinental Paris Le Grand, un rendez-vous hivernal bien \u00e9tabli dans la vie culturelle parisienne. Comme le veut la tradition, des \u00e9l\u00e8ves de l\u2019iDSP ont ouvert la soir\u00e9e avec la polonaise d\u2019ouverture.<\/p>\n<p>Cette prestation est le fruit de plusieurs semaines de pr\u00e9paration. Sous la direction de <strong>Christophe Guardelli<\/strong>, les \u00e9l\u00e8ves ont travaill\u00e9 les pas et les formations lors d\u2019un cours de danse d\u00e9di\u00e9, avant de les pr\u00e9senter dans le cadre prestigieux de la salle de bal, devant un public attentif.<\/p>\n<p>Participer \u00e0 l\u2019ouverture du Bal autrichien est chaque ann\u00e9e une exp\u00e9rience particuli\u00e8re pour les \u00e9l\u00e8ves : elle leur permet de prendre part \u00e0 un \u00e9v\u00e9nement culturel reconnu tout en s\u2019appropriant une tradition qui d\u00e9passe le cadre scolaire.<\/p>\n<\/div><\/section>\n\n<style type=\"text\/css\" data-created_by=\"avia_inline_auto\" id=\"style-css-av-av_hr-ecec01c1a62feb8bfc9f43a45319c97d\">\n#top .hr.hr-invisible.av-av_hr-ecec01c1a62feb8bfc9f43a45319c97d{\nheight:25px;\n}\n<\/style>\n<div  class='hr av-av_hr-ecec01c1a62feb8bfc9f43a45319c97d hr-invisible  avia-builder-el-4  el_after_av_textblock  el_before_av_one_full '><span class='hr-inner '><span class=\"hr-inner-style\"><\/span><\/span><\/div>\n<div  class='flex_column av-av_one_full-a2cef933b0a555f25d1e39b22a8e9dae av_one_full  avia-builder-el-5  el_after_av_hr  el_before_av_hr  first flex_column_div  '     ><div id='av-masonry-1' class='av-masonry av-av_masonry_gallery-ea4cf4534fb519e3e989108e20b43ac7 noHover av-fixed-size av-1px-gap av-hover-overlay- av-masonry-animation-active av-masonry-col-3 av-caption-always av-caption-style- av-masonry-gallery ' data-post_id=\"34599\"><div class=\"av-masonry-container isotope av-js-disabled\"><div class='av-masonry-entry isotope-item av-masonry-item-no-image '><\/div><a href=\"https:\/\/www.idsp.fr\/wp-content\/uploads\/2026\/03\/Bal-Autrichien-a-Paris-AAP_Guillaume-Grandin_67033523-b5d4-4922-adbc-da5f4773f7cb-1030x687.webp\" data-srcset=\"https:\/\/www.idsp.fr\/wp-content\/uploads\/2026\/03\/Bal-Autrichien-a-Paris-AAP_Guillaume-Grandin_67033523-b5d4-4922-adbc-da5f4773f7cb-1030x687.webp 1030w, https:\/\/www.idsp.fr\/wp-content\/uploads\/2026\/03\/Bal-Autrichien-a-Paris-AAP_Guillaume-Grandin_67033523-b5d4-4922-adbc-da5f4773f7cb-340x227.webp 340w, https:\/\/www.idsp.fr\/wp-content\/uploads\/2026\/03\/Bal-Autrichien-a-Paris-AAP_Guillaume-Grandin_67033523-b5d4-4922-adbc-da5f4773f7cb-768x512.webp 768w, https:\/\/www.idsp.fr\/wp-content\/uploads\/2026\/03\/Bal-Autrichien-a-Paris-AAP_Guillaume-Grandin_67033523-b5d4-4922-adbc-da5f4773f7cb-705x470.webp 705w, https:\/\/www.idsp.fr\/wp-content\/uploads\/2026\/03\/Bal-Autrichien-a-Paris-AAP_Guillaume-Grandin_67033523-b5d4-4922-adbc-da5f4773f7cb.webp 1500w\" data-sizes=\"(max-width: 1030px) 100vw, 1030px\"  aria-label=\"image Bal Autrichien \u00e0 Paris &#8211; AAP_Guillaume Grandin_67033523-b5d4-4922-adbc-da5f4773f7cb\"  id='av-masonry-1-item-34590' data-av-masonry-item='34590' class='av-masonry-entry isotope-item post-34590 attachment type-attachment status-inherit hentry  av-masonry-item-with-image' title=\"Bal Autrichien \u00e0 Paris &#8211; AAP_Guillaume Grandin_67033523-b5d4-4922-adbc-da5f4773f7cb\" alt=\"\"    itemprop=\"thumbnailUrl\" ><div class='av-inner-masonry-sizer'><\/div><figure class='av-inner-masonry main_color'><div class=\"av-masonry-outerimage-container\"><div class='av-masonry-image-container' style=\"background-image: url(https:\/\/www.idsp.fr\/wp-content\/uploads\/2026\/03\/Bal-Autrichien-a-Paris-AAP_Guillaume-Grandin_67033523-b5d4-4922-adbc-da5f4773f7cb-705x470.webp);\"  title=\"Bal Autrichien \u00e0 Paris &#8211; AAP_Guillaume Grandin_67033523-b5d4-4922-adbc-da5f4773f7cb\" ><\/div><\/div><\/figure><\/a><!--end av-masonry entry--><a href=\"https:\/\/www.idsp.fr\/wp-content\/uploads\/2026\/03\/Bal-Autrichien-a-Paris-AAP_Guillaume-Grandin_01624b33-9956-43de-bb70-8e293bb3f4ec-1030x687.webp\" data-srcset=\"https:\/\/www.idsp.fr\/wp-content\/uploads\/2026\/03\/Bal-Autrichien-a-Paris-AAP_Guillaume-Grandin_01624b33-9956-43de-bb70-8e293bb3f4ec-1030x687.webp 1030w, https:\/\/www.idsp.fr\/wp-content\/uploads\/2026\/03\/Bal-Autrichien-a-Paris-AAP_Guillaume-Grandin_01624b33-9956-43de-bb70-8e293bb3f4ec-340x227.webp 340w, https:\/\/www.idsp.fr\/wp-content\/uploads\/2026\/03\/Bal-Autrichien-a-Paris-AAP_Guillaume-Grandin_01624b33-9956-43de-bb70-8e293bb3f4ec-768x512.webp 768w, https:\/\/www.idsp.fr\/wp-content\/uploads\/2026\/03\/Bal-Autrichien-a-Paris-AAP_Guillaume-Grandin_01624b33-9956-43de-bb70-8e293bb3f4ec-705x470.webp 705w, https:\/\/www.idsp.fr\/wp-content\/uploads\/2026\/03\/Bal-Autrichien-a-Paris-AAP_Guillaume-Grandin_01624b33-9956-43de-bb70-8e293bb3f4ec.webp 1500w\" data-sizes=\"(max-width: 1030px) 100vw, 1030px\"  aria-label=\"image Bal Autrichien \u00e0 Paris &#8211; AAP_Guillaume Grandin_01624b33-9956-43de-bb70-8e293bb3f4ec\"  id='av-masonry-1-item-34592' data-av-masonry-item='34592' class='av-masonry-entry isotope-item post-34592 attachment type-attachment status-inherit hentry  av-masonry-item-with-image' title=\"Bal Autrichien \u00e0 Paris &#8211; AAP_Guillaume Grandin_01624b33-9956-43de-bb70-8e293bb3f4ec\" alt=\"\"    itemprop=\"thumbnailUrl\" ><div class='av-inner-masonry-sizer'><\/div><figure class='av-inner-masonry main_color'><div class=\"av-masonry-outerimage-container\"><div class='av-masonry-image-container' style=\"background-image: url(https:\/\/www.idsp.fr\/wp-content\/uploads\/2026\/03\/Bal-Autrichien-a-Paris-AAP_Guillaume-Grandin_01624b33-9956-43de-bb70-8e293bb3f4ec-705x470.webp);\"  title=\"Bal Autrichien \u00e0 Paris &#8211; AAP_Guillaume Grandin_01624b33-9956-43de-bb70-8e293bb3f4ec\" ><\/div><\/div><\/figure><\/a><!--end av-masonry entry--><a href=\"https:\/\/www.idsp.fr\/wp-content\/uploads\/2026\/03\/Bal-Autrichien-a-Paris-AAP_Guillaume-Grandin_2a4f5fd2-f515-46d3-b6d3-62e925f5543b-1030x687.webp\" data-srcset=\"https:\/\/www.idsp.fr\/wp-content\/uploads\/2026\/03\/Bal-Autrichien-a-Paris-AAP_Guillaume-Grandin_2a4f5fd2-f515-46d3-b6d3-62e925f5543b-1030x687.webp 1030w, https:\/\/www.idsp.fr\/wp-content\/uploads\/2026\/03\/Bal-Autrichien-a-Paris-AAP_Guillaume-Grandin_2a4f5fd2-f515-46d3-b6d3-62e925f5543b-340x227.webp 340w, https:\/\/www.idsp.fr\/wp-content\/uploads\/2026\/03\/Bal-Autrichien-a-Paris-AAP_Guillaume-Grandin_2a4f5fd2-f515-46d3-b6d3-62e925f5543b-768x512.webp 768w, https:\/\/www.idsp.fr\/wp-content\/uploads\/2026\/03\/Bal-Autrichien-a-Paris-AAP_Guillaume-Grandin_2a4f5fd2-f515-46d3-b6d3-62e925f5543b-705x470.webp 705w, https:\/\/www.idsp.fr\/wp-content\/uploads\/2026\/03\/Bal-Autrichien-a-Paris-AAP_Guillaume-Grandin_2a4f5fd2-f515-46d3-b6d3-62e925f5543b.webp 1500w\" data-sizes=\"(max-width: 1030px) 100vw, 1030px\"  aria-label=\"image Bal Autrichien \u00e0 Paris &#8211; AAP_Guillaume Grandin_2a4f5fd2-f515-46d3-b6d3-62e925f5543b\"  id='av-masonry-1-item-34596' data-av-masonry-item='34596' class='av-masonry-entry isotope-item post-34596 attachment type-attachment status-inherit hentry  av-masonry-item-with-image' title=\"Bal Autrichien \u00e0 Paris &#8211; AAP_Guillaume Grandin_2a4f5fd2-f515-46d3-b6d3-62e925f5543b\" alt=\"\"    itemprop=\"thumbnailUrl\" ><div class='av-inner-masonry-sizer'><\/div><figure class='av-inner-masonry main_color'><div class=\"av-masonry-outerimage-container\"><div class='av-masonry-image-container' style=\"background-image: url(https:\/\/www.idsp.fr\/wp-content\/uploads\/2026\/03\/Bal-Autrichien-a-Paris-AAP_Guillaume-Grandin_2a4f5fd2-f515-46d3-b6d3-62e925f5543b-705x470.webp);\"  title=\"Bal Autrichien \u00e0 Paris &#8211; AAP_Guillaume Grandin_2a4f5fd2-f515-46d3-b6d3-62e925f5543b\" ><\/div><\/div><\/figure><\/a><!--end av-masonry entry--><\/div><\/div><\/div>\n\n<style type=\"text\/css\" data-created_by=\"avia_inline_auto\" id=\"style-css-av-av_hr-ecec01c1a62feb8bfc9f43a45319c97d\">\n#top .hr.hr-invisible.av-av_hr-ecec01c1a62feb8bfc9f43a45319c97d{\nheight:25px;\n}\n<\/style>\n<div  class='hr av-av_hr-ecec01c1a62feb8bfc9f43a45319c97d hr-invisible  avia-builder-el-7  el_after_av_one_full  el_before_av_textblock '><span class='hr-inner '><span class=\"hr-inner-style\"><\/span><\/span><\/div>\n<section  class='av_textblock_section av-mmltayby-2a4415a03ef2df92772323a29eceb6eb '   itemscope=\"itemscope\" itemtype=\"https:\/\/schema.org\/BlogPosting\" itemprop=\"blogPost\" ><div class='avia_textblock'  itemprop=\"text\" ><p>Cette tradition se poursuit gr\u00e2ce au partenariat avec l\u2019Association Autrichienne \u00e0 Paris, entretenu par l\u2019interm\u00e9diaire de notre F\u00f6rderverein. N<strong>ous remercions chaleureusement les \u00e9l\u00e8ves pour leur engagement ainsi que le F\u00f6rderverein, qui rend possible la participation de l\u2019iDSP \u00e0 cet \u00e9v\u00e9nement.<\/strong><\/p>\n<\/div><\/section>\n","protected":false},"excerpt":{"rendered":"","protected":false},"author":3,"featured_media":34596,"comment_status":"closed","ping_status":"closed","sticky":false,"template":"","format":"standard","meta":{"footnotes":""},"categories":[22,23,13],"tags":[],"class_list":["post-34599","post","type-post","status-publish","format-standard","has-post-thumbnail","hentry","category-actualites-secondaire","category-actualites-idsp","category-non-classifiee"],"yoast_head":"<!-- This site is optimized with the Yoast SEO plugin v27.4 - https:\/\/yoast.com\/product\/yoast-seo-wordpress\/ -->\n<title>Ouverture traditionnelle du Bal autrichien 2026 - iDSP - La Schule - Internationale Deutsche Schule Paris<\/title>\n<meta name=\"robots\" content=\"index, follow, max-snippet:-1, max-image-preview:large, max-video-preview:-1\" \/>\n<link rel=\"canonical\" href=\"https:\/\/www.idsp.fr\/fr\/ouverture-traditionnelle-du-bal-autrichien-2026\/\" \/>\n<meta property=\"og:locale\" content=\"fr_FR\" \/>\n<meta property=\"og:type\" content=\"article\" \/>\n<meta property=\"og:title\" content=\"Ouverture traditionnelle du Bal autrichien 2026 - iDSP - La Schule - Internationale Deutsche Schule Paris\" \/>\n<meta property=\"og:url\" content=\"https:\/\/www.idsp.fr\/fr\/ouverture-traditionnelle-du-bal-autrichien-2026\/\" \/>\n<meta property=\"og:site_name\" content=\"iDSP - La Schule - Internationale Deutsche Schule Paris\" \/>\n<meta property=\"article:published_time\" content=\"2026-03-11T09:04:33+00:00\" \/>\n<meta property=\"article:modified_time\" content=\"2026-03-12T07:51:36+00:00\" \/>\n<meta property=\"og:image\" content=\"https:\/\/www.idsp.fr\/wp-content\/uploads\/2026\/03\/Bal-Autrichien-a-Paris-AAP_Guillaume-Grandin_2a4f5fd2-f515-46d3-b6d3-62e925f5543b.webp\" \/>\n\t<meta property=\"og:image:width\" content=\"1500\" \/>\n\t<meta property=\"og:image:height\" content=\"1000\" \/>\n\t<meta property=\"og:image:type\" content=\"image\/webp\" \/>\n<meta name=\"author\" content=\"Marketing Kommunikation\" \/>\n<meta name=\"twitter:card\" content=\"summary_large_image\" \/>\n<meta name=\"twitter:label1\" content=\"\u00c9crit par\" \/>\n\t<meta name=\"twitter:data1\" content=\"Marketing Kommunikation\" \/>\n\t<meta name=\"twitter:label2\" content=\"Dur\u00e9e de lecture estim\u00e9e\" \/>\n\t<meta name=\"twitter:data2\" content=\"2 minutes\" \/>\n<script type=\"application\/ld+json\" class=\"yoast-schema-graph\">{\"@context\":\"https:\\\/\\\/schema.org\",\"@graph\":[{\"@type\":\"Article\",\"@id\":\"https:\\\/\\\/www.idsp.fr\\\/fr\\\/ouverture-traditionnelle-du-bal-autrichien-2026\\\/#article\",\"isPartOf\":{\"@id\":\"https:\\\/\\\/www.idsp.fr\\\/fr\\\/ouverture-traditionnelle-du-bal-autrichien-2026\\\/\"},\"author\":{\"name\":\"Marketing Kommunikation\",\"@id\":\"https:\\\/\\\/www.idsp.fr\\\/#\\\/schema\\\/person\\\/0517169a22659999c4e182efcc674811\"},\"headline\":\"Ouverture traditionnelle du Bal autrichien 2026\",\"datePublished\":\"2026-03-11T09:04:33+00:00\",\"dateModified\":\"2026-03-12T07:51:36+00:00\",\"mainEntityOfPage\":{\"@id\":\"https:\\\/\\\/www.idsp.fr\\\/fr\\\/ouverture-traditionnelle-du-bal-autrichien-2026\\\/\"},\"wordCount\":1318,\"image\":{\"@id\":\"https:\\\/\\\/www.idsp.fr\\\/fr\\\/ouverture-traditionnelle-du-bal-autrichien-2026\\\/#primaryimage\"},\"thumbnailUrl\":\"https:\\\/\\\/www.idsp.fr\\\/wp-content\\\/uploads\\\/2026\\\/03\\\/Bal-Autrichien-a-Paris-AAP_Guillaume-Grandin_2a4f5fd2-f515-46d3-b6d3-62e925f5543b.webp\",\"articleSection\":[\"Actualit\u00e9s du secondaire\",\"Actualit\u00e9s iDSP\",\"Non classifi\u00e9(e)\"],\"inLanguage\":\"fr-FR\"},{\"@type\":\"WebPage\",\"@id\":\"https:\\\/\\\/www.idsp.fr\\\/fr\\\/ouverture-traditionnelle-du-bal-autrichien-2026\\\/\",\"url\":\"https:\\\/\\\/www.idsp.fr\\\/fr\\\/ouverture-traditionnelle-du-bal-autrichien-2026\\\/\",\"name\":\"Ouverture traditionnelle du Bal autrichien 2026 - iDSP - La Schule - Internationale Deutsche Schule Paris\",\"isPartOf\":{\"@id\":\"https:\\\/\\\/www.idsp.fr\\\/#website\"},\"primaryImageOfPage\":{\"@id\":\"https:\\\/\\\/www.idsp.fr\\\/fr\\\/ouverture-traditionnelle-du-bal-autrichien-2026\\\/#primaryimage\"},\"image\":{\"@id\":\"https:\\\/\\\/www.idsp.fr\\\/fr\\\/ouverture-traditionnelle-du-bal-autrichien-2026\\\/#primaryimage\"},\"thumbnailUrl\":\"https:\\\/\\\/www.idsp.fr\\\/wp-content\\\/uploads\\\/2026\\\/03\\\/Bal-Autrichien-a-Paris-AAP_Guillaume-Grandin_2a4f5fd2-f515-46d3-b6d3-62e925f5543b.webp\",\"datePublished\":\"2026-03-11T09:04:33+00:00\",\"dateModified\":\"2026-03-12T07:51:36+00:00\",\"author\":{\"@id\":\"https:\\\/\\\/www.idsp.fr\\\/#\\\/schema\\\/person\\\/0517169a22659999c4e182efcc674811\"},\"breadcrumb\":{\"@id\":\"https:\\\/\\\/www.idsp.fr\\\/fr\\\/ouverture-traditionnelle-du-bal-autrichien-2026\\\/#breadcrumb\"},\"inLanguage\":\"fr-FR\",\"potentialAction\":[{\"@type\":\"ReadAction\",\"target\":[\"https:\\\/\\\/www.idsp.fr\\\/fr\\\/ouverture-traditionnelle-du-bal-autrichien-2026\\\/\"]}]},{\"@type\":\"ImageObject\",\"inLanguage\":\"fr-FR\",\"@id\":\"https:\\\/\\\/www.idsp.fr\\\/fr\\\/ouverture-traditionnelle-du-bal-autrichien-2026\\\/#primaryimage\",\"url\":\"https:\\\/\\\/www.idsp.fr\\\/wp-content\\\/uploads\\\/2026\\\/03\\\/Bal-Autrichien-a-Paris-AAP_Guillaume-Grandin_2a4f5fd2-f515-46d3-b6d3-62e925f5543b.webp\",\"contentUrl\":\"https:\\\/\\\/www.idsp.fr\\\/wp-content\\\/uploads\\\/2026\\\/03\\\/Bal-Autrichien-a-Paris-AAP_Guillaume-Grandin_2a4f5fd2-f515-46d3-b6d3-62e925f5543b.webp\",\"width\":1500,\"height\":1000},{\"@type\":\"BreadcrumbList\",\"@id\":\"https:\\\/\\\/www.idsp.fr\\\/fr\\\/ouverture-traditionnelle-du-bal-autrichien-2026\\\/#breadcrumb\",\"itemListElement\":[{\"@type\":\"ListItem\",\"position\":1,\"name\":\"Startseite\",\"item\":\"https:\\\/\\\/www.idsp.fr\\\/fr\\\/idsp-ecole-allemande-internationale-de-paris\\\/\"},{\"@type\":\"ListItem\",\"position\":2,\"name\":\"Ouverture traditionnelle du Bal autrichien 2026\"}]},{\"@type\":\"WebSite\",\"@id\":\"https:\\\/\\\/www.idsp.fr\\\/#website\",\"url\":\"https:\\\/\\\/www.idsp.fr\\\/\",\"name\":\"iDSP - La Schule - Internationale Deutsche Schule Paris\",\"description\":\"\",\"potentialAction\":[{\"@type\":\"SearchAction\",\"target\":{\"@type\":\"EntryPoint\",\"urlTemplate\":\"https:\\\/\\\/www.idsp.fr\\\/?s={search_term_string}\"},\"query-input\":{\"@type\":\"PropertyValueSpecification\",\"valueRequired\":true,\"valueName\":\"search_term_string\"}}],\"inLanguage\":\"fr-FR\"},{\"@type\":\"Person\",\"@id\":\"https:\\\/\\\/www.idsp.fr\\\/#\\\/schema\\\/person\\\/0517169a22659999c4e182efcc674811\",\"name\":\"Marketing Kommunikation\",\"url\":\"https:\\\/\\\/www.idsp.fr\\\/fr\\\/author\\\/celine\\\/\"}]}<\/script>\n<!-- \/ Yoast SEO plugin. -->","yoast_head_json":{"title":"Ouverture traditionnelle du Bal autrichien 2026 - iDSP - La Schule - Internationale Deutsche Schule Paris","robots":{"index":"index","follow":"follow","max-snippet":"max-snippet:-1","max-image-preview":"max-image-preview:large","max-video-preview":"max-video-preview:-1"},"canonical":"https:\/\/www.idsp.fr\/fr\/ouverture-traditionnelle-du-bal-autrichien-2026\/","og_locale":"fr_FR","og_type":"article","og_title":"Ouverture traditionnelle du Bal autrichien 2026 - iDSP - La Schule - Internationale Deutsche Schule Paris","og_url":"https:\/\/www.idsp.fr\/fr\/ouverture-traditionnelle-du-bal-autrichien-2026\/","og_site_name":"iDSP - La Schule - Internationale Deutsche Schule Paris","article_published_time":"2026-03-11T09:04:33+00:00","article_modified_time":"2026-03-12T07:51:36+00:00","og_image":[{"width":1500,"height":1000,"url":"https:\/\/www.idsp.fr\/wp-content\/uploads\/2026\/03\/Bal-Autrichien-a-Paris-AAP_Guillaume-Grandin_2a4f5fd2-f515-46d3-b6d3-62e925f5543b.webp","type":"image\/webp"}],"author":"Marketing Kommunikation","twitter_card":"summary_large_image","twitter_misc":{"\u00c9crit par":"Marketing Kommunikation","Dur\u00e9e de lecture estim\u00e9e":"2 minutes"},"schema":{"@context":"https:\/\/schema.org","@graph":[{"@type":"Article","@id":"https:\/\/www.idsp.fr\/fr\/ouverture-traditionnelle-du-bal-autrichien-2026\/#article","isPartOf":{"@id":"https:\/\/www.idsp.fr\/fr\/ouverture-traditionnelle-du-bal-autrichien-2026\/"},"author":{"name":"Marketing Kommunikation","@id":"https:\/\/www.idsp.fr\/#\/schema\/person\/0517169a22659999c4e182efcc674811"},"headline":"Ouverture traditionnelle du Bal autrichien 2026","datePublished":"2026-03-11T09:04:33+00:00","dateModified":"2026-03-12T07:51:36+00:00","mainEntityOfPage":{"@id":"https:\/\/www.idsp.fr\/fr\/ouverture-traditionnelle-du-bal-autrichien-2026\/"},"wordCount":1318,"image":{"@id":"https:\/\/www.idsp.fr\/fr\/ouverture-traditionnelle-du-bal-autrichien-2026\/#primaryimage"},"thumbnailUrl":"https:\/\/www.idsp.fr\/wp-content\/uploads\/2026\/03\/Bal-Autrichien-a-Paris-AAP_Guillaume-Grandin_2a4f5fd2-f515-46d3-b6d3-62e925f5543b.webp","articleSection":["Actualit\u00e9s du secondaire","Actualit\u00e9s iDSP","Non classifi\u00e9(e)"],"inLanguage":"fr-FR"},{"@type":"WebPage","@id":"https:\/\/www.idsp.fr\/fr\/ouverture-traditionnelle-du-bal-autrichien-2026\/","url":"https:\/\/www.idsp.fr\/fr\/ouverture-traditionnelle-du-bal-autrichien-2026\/","name":"Ouverture traditionnelle du Bal autrichien 2026 - iDSP - La Schule - Internationale Deutsche Schule Paris","isPartOf":{"@id":"https:\/\/www.idsp.fr\/#website"},"primaryImageOfPage":{"@id":"https:\/\/www.idsp.fr\/fr\/ouverture-traditionnelle-du-bal-autrichien-2026\/#primaryimage"},"image":{"@id":"https:\/\/www.idsp.fr\/fr\/ouverture-traditionnelle-du-bal-autrichien-2026\/#primaryimage"},"thumbnailUrl":"https:\/\/www.idsp.fr\/wp-content\/uploads\/2026\/03\/Bal-Autrichien-a-Paris-AAP_Guillaume-Grandin_2a4f5fd2-f515-46d3-b6d3-62e925f5543b.webp","datePublished":"2026-03-11T09:04:33+00:00","dateModified":"2026-03-12T07:51:36+00:00","author":{"@id":"https:\/\/www.idsp.fr\/#\/schema\/person\/0517169a22659999c4e182efcc674811"},"breadcrumb":{"@id":"https:\/\/www.idsp.fr\/fr\/ouverture-traditionnelle-du-bal-autrichien-2026\/#breadcrumb"},"inLanguage":"fr-FR","potentialAction":[{"@type":"ReadAction","target":["https:\/\/www.idsp.fr\/fr\/ouverture-traditionnelle-du-bal-autrichien-2026\/"]}]},{"@type":"ImageObject","inLanguage":"fr-FR","@id":"https:\/\/www.idsp.fr\/fr\/ouverture-traditionnelle-du-bal-autrichien-2026\/#primaryimage","url":"https:\/\/www.idsp.fr\/wp-content\/uploads\/2026\/03\/Bal-Autrichien-a-Paris-AAP_Guillaume-Grandin_2a4f5fd2-f515-46d3-b6d3-62e925f5543b.webp","contentUrl":"https:\/\/www.idsp.fr\/wp-content\/uploads\/2026\/03\/Bal-Autrichien-a-Paris-AAP_Guillaume-Grandin_2a4f5fd2-f515-46d3-b6d3-62e925f5543b.webp","width":1500,"height":1000},{"@type":"BreadcrumbList","@id":"https:\/\/www.idsp.fr\/fr\/ouverture-traditionnelle-du-bal-autrichien-2026\/#breadcrumb","itemListElement":[{"@type":"ListItem","position":1,"name":"Startseite","item":"https:\/\/www.idsp.fr\/fr\/idsp-ecole-allemande-internationale-de-paris\/"},{"@type":"ListItem","position":2,"name":"Ouverture traditionnelle du Bal autrichien 2026"}]},{"@type":"WebSite","@id":"https:\/\/www.idsp.fr\/#website","url":"https:\/\/www.idsp.fr\/","name":"iDSP - La Schule - Internationale Deutsche Schule Paris","description":"","potentialAction":[{"@type":"SearchAction","target":{"@type":"EntryPoint","urlTemplate":"https:\/\/www.idsp.fr\/?s={search_term_string}"},"query-input":{"@type":"PropertyValueSpecification","valueRequired":true,"valueName":"search_term_string"}}],"inLanguage":"fr-FR"},{"@type":"Person","@id":"https:\/\/www.idsp.fr\/#\/schema\/person\/0517169a22659999c4e182efcc674811","name":"Marketing Kommunikation","url":"https:\/\/www.idsp.fr\/fr\/author\/celine\/"}]}},"_links":{"self":[{"href":"https:\/\/www.idsp.fr\/fr\/wp-json\/wp\/v2\/posts\/34599","targetHints":{"allow":["GET"]}}],"collection":[{"href":"https:\/\/www.idsp.fr\/fr\/wp-json\/wp\/v2\/posts"}],"about":[{"href":"https:\/\/www.idsp.fr\/fr\/wp-json\/wp\/v2\/types\/post"}],"author":[{"embeddable":true,"href":"https:\/\/www.idsp.fr\/fr\/wp-json\/wp\/v2\/users\/3"}],"replies":[{"embeddable":true,"href":"https:\/\/www.idsp.fr\/fr\/wp-json\/wp\/v2\/comments?post=34599"}],"version-history":[{"count":5,"href":"https:\/\/www.idsp.fr\/fr\/wp-json\/wp\/v2\/posts\/34599\/revisions"}],"predecessor-version":[{"id":34604,"href":"https:\/\/www.idsp.fr\/fr\/wp-json\/wp\/v2\/posts\/34599\/revisions\/34604"}],"wp:featuredmedia":[{"embeddable":true,"href":"https:\/\/www.idsp.fr\/fr\/wp-json\/wp\/v2\/media\/34596"}],"wp:attachment":[{"href":"https:\/\/www.idsp.fr\/fr\/wp-json\/wp\/v2\/media?parent=34599"}],"wp:term":[{"taxonomy":"category","embeddable":true,"href":"https:\/\/www.idsp.fr\/fr\/wp-json\/wp\/v2\/categories?post=34599"},{"taxonomy":"post_tag","embeddable":true,"href":"https:\/\/www.idsp.fr\/fr\/wp-json\/wp\/v2\/tags?post=34599"}],"curies":[{"name":"wp","href":"https:\/\/api.w.org\/{rel}","templated":true}]}}