{"id":34569,"date":"2026-03-10T13:08:55","date_gmt":"2026-03-10T12:08:55","guid":{"rendered":"https:\/\/www.idsp.fr\/?p=34569"},"modified":"2026-03-10T13:08:55","modified_gmt":"2026-03-10T12:08:55","slug":"nouveau-partenariat-pedagogique-lidsp-coopere-avec-educarte","status":"publish","type":"post","link":"https:\/\/www.idsp.fr\/fr\/nouveau-partenariat-pedagogique-lidsp-coopere-avec-educarte\/","title":{"rendered":"Nouveau partenariat p\u00e9dagogique: l\u2019iDSP coop\u00e8re avec Educ\u2019ARTE"},"content":{"rendered":"\n<style type=\"text\/css\" data-created_by=\"avia_inline_auto\" id=\"style-css-av-av_section-21c48b69e22c6432fc4a661b10db35ad\">\n.avia-section.av-av_section-21c48b69e22c6432fc4a661b10db35ad{\nbackground-color:#024d7d;\nbackground-image:unset;\n}\n<\/style>\n<div id='av_section_1'  class='avia-section av-av_section-21c48b69e22c6432fc4a661b10db35ad main_color avia-section-small avia-no-border-styling  avia-builder-el-0  el_before_av_heading  avia-builder-el-first  avia-bg-style-scroll av-minimum-height av-minimum-height-custom av-height-custom  container_wrap sidebar_right'   data-av_minimum_height_px='100'><div class='container av-section-cont-open' style='height:100px'><main  role=\"main\" itemprop=\"mainContentOfPage\"  class='template-page content  av-content-small alpha units'><div class='post-entry post-entry-type-page post-entry-34569'><div class='entry-content-wrapper clearfix'>\n\n<style type=\"text\/css\" data-created_by=\"avia_inline_auto\" id=\"style-css-av-mmkkfzwr-010c4e29c876fdb1e97dbd15e43e11cc\">\n#top .av-special-heading.av-mmkkfzwr-010c4e29c876fdb1e97dbd15e43e11cc{\npadding-bottom:10px;\ncolor:#ffffff;\n}\nbody .av-special-heading.av-mmkkfzwr-010c4e29c876fdb1e97dbd15e43e11cc .av-special-heading-tag .heading-char{\nfont-size:25px;\n}\n.av-special-heading.av-mmkkfzwr-010c4e29c876fdb1e97dbd15e43e11cc .special-heading-inner-border{\nborder-color:#ffffff;\n}\n.av-special-heading.av-mmkkfzwr-010c4e29c876fdb1e97dbd15e43e11cc .av-subheading{\nfont-size:15px;\n}\n<\/style>\n<div  class='av-special-heading av-mmkkfzwr-010c4e29c876fdb1e97dbd15e43e11cc av-special-heading-h2 custom-color-heading  avia-builder-el-1  avia-builder-el-no-sibling '><h2 class='av-special-heading-tag '  itemprop=\"headline\"  >Actualit\u00e9s du secondaire<\/h2><div class=\"special-heading-border\"><div class=\"special-heading-inner-border\"><\/div><\/div><\/div>\n<\/div><\/div><\/main><!-- close content main element --><\/div><\/div><div id='after_section_1'  class='main_color av_default_container_wrap container_wrap sidebar_right'  ><div class='container av-section-cont-open' ><div class='template-page content  av-content-small alpha units'><div class='post-entry post-entry-type-page post-entry-34569'><div class='entry-content-wrapper clearfix'>\n<style type=\"text\/css\" data-created_by=\"avia_inline_auto\" id=\"style-css-av-mmkkfjyn-b616fb1b2af31186182eb27f6efe6de6\">\n#top .av-special-heading.av-mmkkfjyn-b616fb1b2af31186182eb27f6efe6de6{\npadding-bottom:25px;\n}\nbody .av-special-heading.av-mmkkfjyn-b616fb1b2af31186182eb27f6efe6de6 .av-special-heading-tag .heading-char{\nfont-size:25px;\n}\n.av-special-heading.av-mmkkfjyn-b616fb1b2af31186182eb27f6efe6de6 .av-subheading{\nfont-size:15px;\n}\n<\/style>\n<div  class='av-special-heading av-mmkkfjyn-b616fb1b2af31186182eb27f6efe6de6 av-special-heading-h1 blockquote modern-quote  avia-builder-el-2  el_after_av_section  el_before_av_textblock  avia-builder-el-first '><h1 class='av-special-heading-tag '  itemprop=\"headline\"  >Nouveau partenariat p\u00e9dagogique: l\u2019iDSP coop\u00e8re avec Educ\u2019ARTE<\/h1><div class='av-subheading av-subheading_below'><p>par Dr. Tanja Dettmering<\/p>\n<\/div><div class=\"special-heading-border\"><div class=\"special-heading-inner-border\"><\/div><\/div><\/div><\/p>\n<section  class='av_textblock_section av-mmkkea82-4d0d28d0f0ceb1d6fa9e2c297eb83599 '   itemscope=\"itemscope\" itemtype=\"https:\/\/schema.org\/BlogPosting\" itemprop=\"blogPost\" ><div class='avia_textblock'  itemprop=\"text\" ><blockquote>\n<p>Nous avons le plaisir d\u2019annoncer une nouvelle \u00e9tape dans le d\u00e9veloppement de notre \u00e9cole : l\u2019iDSP est d\u00e9sormais partenaire officiel d\u2019Educ\u2019ARTE, la plateforme p\u00e9dagogique du m\u00e9dia culturel franco-allemand ARTE.<\/p>\n<\/blockquote>\n<p><img decoding=\"async\" class=\"alignright size-medium wp-image-34521\" src=\"https:\/\/www.idsp.fr\/wp-content\/uploads\/2026\/03\/Logo_EducARTE-340x173.png\" alt=\"\" width=\"340\" height=\"173\" srcset=\"https:\/\/www.idsp.fr\/wp-content\/uploads\/2026\/03\/Logo_EducARTE-340x173.png 340w, https:\/\/www.idsp.fr\/wp-content\/uploads\/2026\/03\/Logo_EducARTE-1030x524.png 1030w, https:\/\/www.idsp.fr\/wp-content\/uploads\/2026\/03\/Logo_EducARTE-768x391.png 768w, https:\/\/www.idsp.fr\/wp-content\/uploads\/2026\/03\/Logo_EducARTE-705x359.png 705w, https:\/\/www.idsp.fr\/wp-content\/uploads\/2026\/03\/Logo_EducARTE.png 1108w\" sizes=\"(max-width: 340px) 100vw, 340px\" \/>\u00c0 l\u2019iDSP, nous concevons l\u2019apprentissage comme un processus ouvert, qui suscite la curiosit\u00e9, \u00e9largit les horizons et encourage les jeunes \u00e0 porter un regard r\u00e9fl\u00e9chi sur le monde qui les entoure. Le partenariat avec Educ\u2019ARTE s\u2019inscrit ainsi tr\u00e8s naturellement dans les orientations de notre projet p\u00e9dagogique. Il fait \u00e9cho \u00e0 plusieurs dimensions essentielles de notre identit\u00e9 : notre ancrage franco-allemand, l\u2019int\u00e9gration r\u00e9fl\u00e9chie des outils num\u00e9riques dans les apprentissages et l\u2019acc\u00e8s \u00e0 des contenus actuels, culturels et soci\u00e9taux qui nourrissent la r\u00e9flexion et la compr\u00e9hension du monde contemporain.<\/p>\n<\/div><\/section>\n<section  class='av_textblock_section av-mmkkcy0i-bc1e9e2909753f8ec90ed4232c458b90 '   itemscope=\"itemscope\" itemtype=\"https:\/\/schema.org\/BlogPosting\" itemprop=\"blogPost\" ><div class='avia_textblock'  itemprop=\"text\" ><p>Educ\u2019ARTE met \u00e0 disposition une riche s\u00e9lection de contenus audiovisuels soigneusement choisis et pens\u00e9s pour l\u2019enseignement. Documentaires, reportages, interviews ou formats courts ouvrent de nouvelles perspectives sur des th\u00e8mes li\u00e9s \u00e0 la culture, \u00e0 la soci\u00e9t\u00e9, \u00e0 l\u2019histoire ou encore aux sciences. Pour l\u2019enseignement, cela signifie des ressources qui ne se contentent pas de transmettre des connaissances, mais qui invitent \u00e0 la discussion, \u00e9clairent les enjeux et encouragent les \u00e9l\u00e8ves \u00e0 se forger leur propre regard.<\/p>\n<p>Ce partenariat fait ainsi \u00e9cho \u00e0 plusieurs de nos piliers p\u00e9dagogiques. Il nourrit une v\u00e9ritable culture de la r\u00e9flexion, qui encourage les questions et la pluralit\u00e9 des points de vue. Il renforce \u00e9galement le plurilinguisme et l\u2019aisance interculturelle, gr\u00e2ce \u00e0 des contenus accessibles naturellement en allemand et en fran\u00e7ais. Il ouvre des espaces propices \u00e0 l\u2019apprentissage et \u00e0 l\u2019\u00e9panouissement des talents, en permettant aux \u00e9l\u00e8ves d\u2019explorer des sujets complexes et d\u2019approfondir leur compr\u00e9hension. Dans le m\u00eame temps, il fait vivre le lien entre culture et communaut\u00e9, en suscitant des exp\u00e9riences partag\u00e9es en classe et des \u00e9changes stimulants. Enfin, il contribue \u00e0 l\u2019orientation et \u00e0 la pr\u00e9paration de l\u2019avenir, en d\u00e9veloppant les comp\u00e9tences m\u00e9diatiques et en sensibilisant les \u00e9l\u00e8ves aux grandes questions de notre temps.<\/p>\n<p>Nous sommes convaincus que ce partenariat avec Educ\u2019ARTE constitue une r\u00e9elle richesse pour la vie scolaire \u00e0 l\u2019iDSP et qu\u2019il repr\u00e9sente une \u00e9tape suppl\u00e9mentaire dans notre volont\u00e9 de proposer un enseignement exigeant, actuel et r\u00e9solument ouvert sur le monde.<\/p>\n<\/div><\/section>\n","protected":false},"excerpt":{"rendered":"","protected":false},"author":3,"featured_media":34522,"comment_status":"closed","ping_status":"closed","sticky":false,"template":"","format":"standard","meta":{"footnotes":""},"categories":[22,23],"tags":[],"class_list":["post-34569","post","type-post","status-publish","format-standard","has-post-thumbnail","hentry","category-actualites-secondaire","category-actualites-idsp"],"yoast_head":"<!-- This site is optimized with the Yoast SEO plugin v27.4 - https:\/\/yoast.com\/product\/yoast-seo-wordpress\/ -->\n<title>Nouveau partenariat p\u00e9dagogique: l\u2019iDSP coop\u00e8re avec Educ\u2019ARTE - iDSP - La Schule - Internationale Deutsche Schule Paris<\/title>\n<meta name=\"robots\" content=\"index, follow, max-snippet:-1, max-image-preview:large, max-video-preview:-1\" \/>\n<link rel=\"canonical\" href=\"https:\/\/www.idsp.fr\/fr\/nouveau-partenariat-pedagogique-lidsp-coopere-avec-educarte\/\" \/>\n<meta property=\"og:locale\" content=\"fr_FR\" \/>\n<meta property=\"og:type\" content=\"article\" \/>\n<meta property=\"og:title\" content=\"Nouveau partenariat p\u00e9dagogique: l\u2019iDSP coop\u00e8re avec Educ\u2019ARTE - iDSP - La Schule - Internationale Deutsche Schule Paris\" \/>\n<meta property=\"og:url\" content=\"https:\/\/www.idsp.fr\/fr\/nouveau-partenariat-pedagogique-lidsp-coopere-avec-educarte\/\" \/>\n<meta property=\"og:site_name\" content=\"iDSP - La Schule - Internationale Deutsche Schule Paris\" \/>\n<meta property=\"article:published_time\" content=\"2026-03-10T12:08:55+00:00\" \/>\n<meta property=\"og:image\" content=\"https:\/\/www.idsp.fr\/wp-content\/uploads\/2026\/03\/Logo_EducARTE.png\" \/>\n\t<meta property=\"og:image:width\" content=\"1108\" \/>\n\t<meta property=\"og:image:height\" content=\"564\" \/>\n\t<meta property=\"og:image:type\" content=\"image\/png\" \/>\n<meta name=\"author\" content=\"Marketing Kommunikation\" \/>\n<meta name=\"twitter:card\" content=\"summary_large_image\" \/>\n<meta name=\"twitter:label1\" content=\"\u00c9crit par\" \/>\n\t<meta name=\"twitter:data1\" content=\"Marketing Kommunikation\" \/>\n\t<meta name=\"twitter:label2\" content=\"Dur\u00e9e de lecture estim\u00e9e\" \/>\n\t<meta name=\"twitter:data2\" content=\"3 minutes\" \/>\n<script type=\"application\/ld+json\" class=\"yoast-schema-graph\">{\"@context\":\"https:\\\/\\\/schema.org\",\"@graph\":[{\"@type\":\"Article\",\"@id\":\"https:\\\/\\\/www.idsp.fr\\\/fr\\\/nouveau-partenariat-pedagogique-lidsp-coopere-avec-educarte\\\/#article\",\"isPartOf\":{\"@id\":\"https:\\\/\\\/www.idsp.fr\\\/fr\\\/nouveau-partenariat-pedagogique-lidsp-coopere-avec-educarte\\\/\"},\"author\":{\"name\":\"Marketing Kommunikation\",\"@id\":\"https:\\\/\\\/www.idsp.fr\\\/#\\\/schema\\\/person\\\/0517169a22659999c4e182efcc674811\"},\"headline\":\"Nouveau partenariat p\u00e9dagogique: l\u2019iDSP coop\u00e8re avec Educ\u2019ARTE\",\"datePublished\":\"2026-03-10T12:08:55+00:00\",\"mainEntityOfPage\":{\"@id\":\"https:\\\/\\\/www.idsp.fr\\\/fr\\\/nouveau-partenariat-pedagogique-lidsp-coopere-avec-educarte\\\/\"},\"wordCount\":1030,\"image\":{\"@id\":\"https:\\\/\\\/www.idsp.fr\\\/fr\\\/nouveau-partenariat-pedagogique-lidsp-coopere-avec-educarte\\\/#primaryimage\"},\"thumbnailUrl\":\"https:\\\/\\\/www.idsp.fr\\\/wp-content\\\/uploads\\\/2026\\\/03\\\/Logo_EducARTE.png\",\"articleSection\":[\"Actualit\u00e9s du secondaire\",\"Actualit\u00e9s iDSP\"],\"inLanguage\":\"fr-FR\"},{\"@type\":\"WebPage\",\"@id\":\"https:\\\/\\\/www.idsp.fr\\\/fr\\\/nouveau-partenariat-pedagogique-lidsp-coopere-avec-educarte\\\/\",\"url\":\"https:\\\/\\\/www.idsp.fr\\\/fr\\\/nouveau-partenariat-pedagogique-lidsp-coopere-avec-educarte\\\/\",\"name\":\"Nouveau partenariat p\u00e9dagogique: l\u2019iDSP coop\u00e8re avec Educ\u2019ARTE - iDSP - La Schule - Internationale Deutsche Schule Paris\",\"isPartOf\":{\"@id\":\"https:\\\/\\\/www.idsp.fr\\\/#website\"},\"primaryImageOfPage\":{\"@id\":\"https:\\\/\\\/www.idsp.fr\\\/fr\\\/nouveau-partenariat-pedagogique-lidsp-coopere-avec-educarte\\\/#primaryimage\"},\"image\":{\"@id\":\"https:\\\/\\\/www.idsp.fr\\\/fr\\\/nouveau-partenariat-pedagogique-lidsp-coopere-avec-educarte\\\/#primaryimage\"},\"thumbnailUrl\":\"https:\\\/\\\/www.idsp.fr\\\/wp-content\\\/uploads\\\/2026\\\/03\\\/Logo_EducARTE.png\",\"datePublished\":\"2026-03-10T12:08:55+00:00\",\"author\":{\"@id\":\"https:\\\/\\\/www.idsp.fr\\\/#\\\/schema\\\/person\\\/0517169a22659999c4e182efcc674811\"},\"breadcrumb\":{\"@id\":\"https:\\\/\\\/www.idsp.fr\\\/fr\\\/nouveau-partenariat-pedagogique-lidsp-coopere-avec-educarte\\\/#breadcrumb\"},\"inLanguage\":\"fr-FR\",\"potentialAction\":[{\"@type\":\"ReadAction\",\"target\":[\"https:\\\/\\\/www.idsp.fr\\\/fr\\\/nouveau-partenariat-pedagogique-lidsp-coopere-avec-educarte\\\/\"]}]},{\"@type\":\"ImageObject\",\"inLanguage\":\"fr-FR\",\"@id\":\"https:\\\/\\\/www.idsp.fr\\\/fr\\\/nouveau-partenariat-pedagogique-lidsp-coopere-avec-educarte\\\/#primaryimage\",\"url\":\"https:\\\/\\\/www.idsp.fr\\\/wp-content\\\/uploads\\\/2026\\\/03\\\/Logo_EducARTE.png\",\"contentUrl\":\"https:\\\/\\\/www.idsp.fr\\\/wp-content\\\/uploads\\\/2026\\\/03\\\/Logo_EducARTE.png\",\"width\":1108,\"height\":564},{\"@type\":\"BreadcrumbList\",\"@id\":\"https:\\\/\\\/www.idsp.fr\\\/fr\\\/nouveau-partenariat-pedagogique-lidsp-coopere-avec-educarte\\\/#breadcrumb\",\"itemListElement\":[{\"@type\":\"ListItem\",\"position\":1,\"name\":\"Startseite\",\"item\":\"https:\\\/\\\/www.idsp.fr\\\/fr\\\/idsp-ecole-allemande-internationale-de-paris\\\/\"},{\"@type\":\"ListItem\",\"position\":2,\"name\":\"Nouveau partenariat p\u00e9dagogique: l\u2019iDSP coop\u00e8re avec Educ\u2019ARTE\"}]},{\"@type\":\"WebSite\",\"@id\":\"https:\\\/\\\/www.idsp.fr\\\/#website\",\"url\":\"https:\\\/\\\/www.idsp.fr\\\/\",\"name\":\"iDSP - La Schule - Internationale Deutsche Schule Paris\",\"description\":\"\",\"potentialAction\":[{\"@type\":\"SearchAction\",\"target\":{\"@type\":\"EntryPoint\",\"urlTemplate\":\"https:\\\/\\\/www.idsp.fr\\\/?s={search_term_string}\"},\"query-input\":{\"@type\":\"PropertyValueSpecification\",\"valueRequired\":true,\"valueName\":\"search_term_string\"}}],\"inLanguage\":\"fr-FR\"},{\"@type\":\"Person\",\"@id\":\"https:\\\/\\\/www.idsp.fr\\\/#\\\/schema\\\/person\\\/0517169a22659999c4e182efcc674811\",\"name\":\"Marketing Kommunikation\",\"url\":\"https:\\\/\\\/www.idsp.fr\\\/fr\\\/author\\\/celine\\\/\"}]}<\/script>\n<!-- \/ Yoast SEO plugin. -->","yoast_head_json":{"title":"Nouveau partenariat p\u00e9dagogique: l\u2019iDSP coop\u00e8re avec Educ\u2019ARTE - iDSP - La Schule - Internationale Deutsche Schule Paris","robots":{"index":"index","follow":"follow","max-snippet":"max-snippet:-1","max-image-preview":"max-image-preview:large","max-video-preview":"max-video-preview:-1"},"canonical":"https:\/\/www.idsp.fr\/fr\/nouveau-partenariat-pedagogique-lidsp-coopere-avec-educarte\/","og_locale":"fr_FR","og_type":"article","og_title":"Nouveau partenariat p\u00e9dagogique: l\u2019iDSP coop\u00e8re avec Educ\u2019ARTE - iDSP - La Schule - Internationale Deutsche Schule Paris","og_url":"https:\/\/www.idsp.fr\/fr\/nouveau-partenariat-pedagogique-lidsp-coopere-avec-educarte\/","og_site_name":"iDSP - La Schule - Internationale Deutsche Schule Paris","article_published_time":"2026-03-10T12:08:55+00:00","og_image":[{"width":1108,"height":564,"url":"https:\/\/www.idsp.fr\/wp-content\/uploads\/2026\/03\/Logo_EducARTE.png","type":"image\/png"}],"author":"Marketing Kommunikation","twitter_card":"summary_large_image","twitter_misc":{"\u00c9crit par":"Marketing Kommunikation","Dur\u00e9e de lecture estim\u00e9e":"3 minutes"},"schema":{"@context":"https:\/\/schema.org","@graph":[{"@type":"Article","@id":"https:\/\/www.idsp.fr\/fr\/nouveau-partenariat-pedagogique-lidsp-coopere-avec-educarte\/#article","isPartOf":{"@id":"https:\/\/www.idsp.fr\/fr\/nouveau-partenariat-pedagogique-lidsp-coopere-avec-educarte\/"},"author":{"name":"Marketing Kommunikation","@id":"https:\/\/www.idsp.fr\/#\/schema\/person\/0517169a22659999c4e182efcc674811"},"headline":"Nouveau partenariat p\u00e9dagogique: l\u2019iDSP coop\u00e8re avec Educ\u2019ARTE","datePublished":"2026-03-10T12:08:55+00:00","mainEntityOfPage":{"@id":"https:\/\/www.idsp.fr\/fr\/nouveau-partenariat-pedagogique-lidsp-coopere-avec-educarte\/"},"wordCount":1030,"image":{"@id":"https:\/\/www.idsp.fr\/fr\/nouveau-partenariat-pedagogique-lidsp-coopere-avec-educarte\/#primaryimage"},"thumbnailUrl":"https:\/\/www.idsp.fr\/wp-content\/uploads\/2026\/03\/Logo_EducARTE.png","articleSection":["Actualit\u00e9s du secondaire","Actualit\u00e9s iDSP"],"inLanguage":"fr-FR"},{"@type":"WebPage","@id":"https:\/\/www.idsp.fr\/fr\/nouveau-partenariat-pedagogique-lidsp-coopere-avec-educarte\/","url":"https:\/\/www.idsp.fr\/fr\/nouveau-partenariat-pedagogique-lidsp-coopere-avec-educarte\/","name":"Nouveau partenariat p\u00e9dagogique: l\u2019iDSP coop\u00e8re avec Educ\u2019ARTE - iDSP - La Schule - Internationale Deutsche Schule Paris","isPartOf":{"@id":"https:\/\/www.idsp.fr\/#website"},"primaryImageOfPage":{"@id":"https:\/\/www.idsp.fr\/fr\/nouveau-partenariat-pedagogique-lidsp-coopere-avec-educarte\/#primaryimage"},"image":{"@id":"https:\/\/www.idsp.fr\/fr\/nouveau-partenariat-pedagogique-lidsp-coopere-avec-educarte\/#primaryimage"},"thumbnailUrl":"https:\/\/www.idsp.fr\/wp-content\/uploads\/2026\/03\/Logo_EducARTE.png","datePublished":"2026-03-10T12:08:55+00:00","author":{"@id":"https:\/\/www.idsp.fr\/#\/schema\/person\/0517169a22659999c4e182efcc674811"},"breadcrumb":{"@id":"https:\/\/www.idsp.fr\/fr\/nouveau-partenariat-pedagogique-lidsp-coopere-avec-educarte\/#breadcrumb"},"inLanguage":"fr-FR","potentialAction":[{"@type":"ReadAction","target":["https:\/\/www.idsp.fr\/fr\/nouveau-partenariat-pedagogique-lidsp-coopere-avec-educarte\/"]}]},{"@type":"ImageObject","inLanguage":"fr-FR","@id":"https:\/\/www.idsp.fr\/fr\/nouveau-partenariat-pedagogique-lidsp-coopere-avec-educarte\/#primaryimage","url":"https:\/\/www.idsp.fr\/wp-content\/uploads\/2026\/03\/Logo_EducARTE.png","contentUrl":"https:\/\/www.idsp.fr\/wp-content\/uploads\/2026\/03\/Logo_EducARTE.png","width":1108,"height":564},{"@type":"BreadcrumbList","@id":"https:\/\/www.idsp.fr\/fr\/nouveau-partenariat-pedagogique-lidsp-coopere-avec-educarte\/#breadcrumb","itemListElement":[{"@type":"ListItem","position":1,"name":"Startseite","item":"https:\/\/www.idsp.fr\/fr\/idsp-ecole-allemande-internationale-de-paris\/"},{"@type":"ListItem","position":2,"name":"Nouveau partenariat p\u00e9dagogique: l\u2019iDSP coop\u00e8re avec Educ\u2019ARTE"}]},{"@type":"WebSite","@id":"https:\/\/www.idsp.fr\/#website","url":"https:\/\/www.idsp.fr\/","name":"iDSP - La Schule - Internationale Deutsche Schule Paris","description":"","potentialAction":[{"@type":"SearchAction","target":{"@type":"EntryPoint","urlTemplate":"https:\/\/www.idsp.fr\/?s={search_term_string}"},"query-input":{"@type":"PropertyValueSpecification","valueRequired":true,"valueName":"search_term_string"}}],"inLanguage":"fr-FR"},{"@type":"Person","@id":"https:\/\/www.idsp.fr\/#\/schema\/person\/0517169a22659999c4e182efcc674811","name":"Marketing Kommunikation","url":"https:\/\/www.idsp.fr\/fr\/author\/celine\/"}]}},"_links":{"self":[{"href":"https:\/\/www.idsp.fr\/fr\/wp-json\/wp\/v2\/posts\/34569","targetHints":{"allow":["GET"]}}],"collection":[{"href":"https:\/\/www.idsp.fr\/fr\/wp-json\/wp\/v2\/posts"}],"about":[{"href":"https:\/\/www.idsp.fr\/fr\/wp-json\/wp\/v2\/types\/post"}],"author":[{"embeddable":true,"href":"https:\/\/www.idsp.fr\/fr\/wp-json\/wp\/v2\/users\/3"}],"replies":[{"embeddable":true,"href":"https:\/\/www.idsp.fr\/fr\/wp-json\/wp\/v2\/comments?post=34569"}],"version-history":[{"count":1,"href":"https:\/\/www.idsp.fr\/fr\/wp-json\/wp\/v2\/posts\/34569\/revisions"}],"predecessor-version":[{"id":34575,"href":"https:\/\/www.idsp.fr\/fr\/wp-json\/wp\/v2\/posts\/34569\/revisions\/34575"}],"wp:featuredmedia":[{"embeddable":true,"href":"https:\/\/www.idsp.fr\/fr\/wp-json\/wp\/v2\/media\/34522"}],"wp:attachment":[{"href":"https:\/\/www.idsp.fr\/fr\/wp-json\/wp\/v2\/media?parent=34569"}],"wp:term":[{"taxonomy":"category","embeddable":true,"href":"https:\/\/www.idsp.fr\/fr\/wp-json\/wp\/v2\/categories?post=34569"},{"taxonomy":"post_tag","embeddable":true,"href":"https:\/\/www.idsp.fr\/fr\/wp-json\/wp\/v2\/tags?post=34569"}],"curies":[{"name":"wp","href":"https:\/\/api.w.org\/{rel}","templated":true}]}}