{"id":34553,"date":"2026-03-11T08:04:10","date_gmt":"2026-03-11T07:04:10","guid":{"rendered":"https:\/\/www.idsp.fr\/?p=34553"},"modified":"2026-03-12T16:57:56","modified_gmt":"2026-03-12T15:57:56","slug":"jeunes-talents-au-concours-regional-jugend-musiziert-a-lidsp","status":"publish","type":"post","link":"https:\/\/www.idsp.fr\/fr\/jeunes-talents-au-concours-regional-jugend-musiziert-a-lidsp\/","title":{"rendered":"Jeunes talents au concours r\u00e9gional \u00ab Jugend musiziert \u00bb \u00e0 l&rsquo;iDSP"},"content":{"rendered":"\n<style type=\"text\/css\" data-created_by=\"avia_inline_auto\" id=\"style-css-av-av_section-21c48b69e22c6432fc4a661b10db35ad\">\n.avia-section.av-av_section-21c48b69e22c6432fc4a661b10db35ad{\nbackground-color:#024d7d;\nbackground-image:unset;\n}\n<\/style>\n<div id='av_section_1'  class='avia-section av-av_section-21c48b69e22c6432fc4a661b10db35ad main_color avia-section-small avia-no-border-styling  avia-builder-el-0  el_before_av_heading  avia-builder-el-first  avia-bg-style-scroll av-minimum-height av-minimum-height-custom av-height-custom  container_wrap sidebar_right'   data-av_minimum_height_px='100'><div class='container av-section-cont-open' style='height:100px'><main  role=\"main\" itemprop=\"mainContentOfPage\"  class='template-page content  av-content-small alpha units'><div class='post-entry post-entry-type-page post-entry-34553'><div class='entry-content-wrapper clearfix'>\n\n<style type=\"text\/css\" data-created_by=\"avia_inline_auto\" id=\"style-css-av-mmkh5wpy-29504274d9111d6e252112edb38f5300\">\n#top .av-special-heading.av-mmkh5wpy-29504274d9111d6e252112edb38f5300{\npadding-bottom:10px;\ncolor:#ffffff;\n}\nbody .av-special-heading.av-mmkh5wpy-29504274d9111d6e252112edb38f5300 .av-special-heading-tag .heading-char{\nfont-size:25px;\n}\n.av-special-heading.av-mmkh5wpy-29504274d9111d6e252112edb38f5300 .special-heading-inner-border{\nborder-color:#ffffff;\n}\n.av-special-heading.av-mmkh5wpy-29504274d9111d6e252112edb38f5300 .av-subheading{\nfont-size:15px;\n}\n<\/style>\n<div  class='av-special-heading av-mmkh5wpy-29504274d9111d6e252112edb38f5300 av-special-heading-h2 custom-color-heading  avia-builder-el-1  avia-builder-el-no-sibling '><h2 class='av-special-heading-tag '  itemprop=\"headline\"  >Actualit\u00e9s du secondaire<\/h2><div class=\"special-heading-border\"><div class=\"special-heading-inner-border\"><\/div><\/div><\/div>\n<\/div><\/div><\/main><!-- close content main element --><\/div><\/div><div id='after_section_1'  class='main_color av_default_container_wrap container_wrap sidebar_right'  ><div class='container av-section-cont-open' ><div class='template-page content  av-content-small alpha units'><div class='post-entry post-entry-type-page post-entry-34553'><div class='entry-content-wrapper clearfix'>\n\n<style type=\"text\/css\" data-created_by=\"avia_inline_auto\" id=\"style-css-av-mmkh6blz-0406f7f0934d8ca694943b639effad29\">\n#top .av-special-heading.av-mmkh6blz-0406f7f0934d8ca694943b639effad29{\npadding-bottom:25px;\n}\nbody .av-special-heading.av-mmkh6blz-0406f7f0934d8ca694943b639effad29 .av-special-heading-tag .heading-char{\nfont-size:25px;\n}\n.av-special-heading.av-mmkh6blz-0406f7f0934d8ca694943b639effad29 .av-subheading{\nfont-size:15px;\n}\n<\/style>\n<div  class='av-special-heading av-mmkh6blz-0406f7f0934d8ca694943b639effad29 av-special-heading-h1 blockquote modern-quote  avia-builder-el-2  el_after_av_section  el_before_av_textblock  avia-builder-el-first '><h1 class='av-special-heading-tag '  itemprop=\"headline\"  >Jeunes talents au concours r\u00e9gional \u00ab Jugend musiziert \u00bb \u00e0 l\u2019iDSP<\/h1><div class='av-subheading av-subheading_below'><p>von C\u00e9line Riewenherm<\/p>\n<\/div><div class=\"special-heading-border\"><div class=\"special-heading-inner-border\"><\/div><\/div><\/div>\n<section  class='av_textblock_section av-mmlovljt-22f39bdf2fdc4ac5b3e5dfbf8f6579e8 '   itemscope=\"itemscope\" itemtype=\"https:\/\/schema.org\/BlogPosting\" itemprop=\"blogPost\" ><div class='avia_textblock'  itemprop=\"text\" ><blockquote>\n<p><img decoding=\"async\" class=\"alignright size-medium wp-image-34537\" src=\"https:\/\/www.idsp.fr\/wp-content\/uploads\/2026\/03\/Rielaender_Klavier-340x236.webp\" alt=\"\" width=\"340\" height=\"236\" srcset=\"https:\/\/www.idsp.fr\/wp-content\/uploads\/2026\/03\/Rielaender_Klavier-340x236.webp 340w, https:\/\/www.idsp.fr\/wp-content\/uploads\/2026\/03\/Rielaender_Klavier-1030x713.webp 1030w, https:\/\/www.idsp.fr\/wp-content\/uploads\/2026\/03\/Rielaender_Klavier-768x532.webp 768w, https:\/\/www.idsp.fr\/wp-content\/uploads\/2026\/03\/Rielaender_Klavier-705x488.webp 705w, https:\/\/www.idsp.fr\/wp-content\/uploads\/2026\/03\/Rielaender_Klavier.webp 1500w\" sizes=\"(max-width: 340px) 100vw, 340px\" \/>Le 10 f\u00e9vrier, l\u2019iDSP a accueilli le concours r\u00e9gional \u00ab Jugend musiziert \u00bb Paris. Ce concours fait partie des dispositifs les plus importants de soutien aux jeunes talents musicaux : chaque ann\u00e9e, des enfants et des adolescents participent aux \u00e9preuves r\u00e9gionales organis\u00e9es dans toute l\u2019Allemagne ainsi que dans les \u00e9coles allemandes \u00e0 l\u2019\u00e9tranger.<\/p>\n<\/blockquote>\n<p>Cette ann\u00e9e, quatre candidats ont particip\u00e9 dans les cat\u00e9gories chant et piano, dont deux \u00e9l\u00e8ves de l\u2019iDSP. Dans une atmosph\u00e8re attentive et concentr\u00e9e, ils ont pr\u00e9sent\u00e9 des programmes qui r\u00e9v\u00e9laient d\u00e9j\u00e0, malgr\u00e9 leur jeune \u00e2ge, un r\u00e9el talent musical et une belle expressivit\u00e9.<\/p>\n<p>R\u00e9sultats :<\/p>\n<\/div><\/section>\n\n<style type=\"text\/css\" data-created_by=\"avia_inline_auto\" id=\"style-css-av-av_hr-a3513d3a9917d730eda5132380fc6ff4\">\n#top .hr.hr-invisible.av-av_hr-a3513d3a9917d730eda5132380fc6ff4{\nheight:10px;\n}\n<\/style>\n<div  class='hr av-av_hr-a3513d3a9917d730eda5132380fc6ff4 hr-invisible  avia-builder-el-4  el_after_av_textblock  el_before_av_one_half '><span class='hr-inner '><span class=\"hr-inner-style\"><\/span><\/span><\/div>\n<div  class='flex_column av-av_one_half-a2cef933b0a555f25d1e39b22a8e9dae av_one_half  avia-builder-el-5  el_after_av_hr  el_before_av_one_half  first flex_column_div  '     ><section  class='av_textblock_section av-mmlowe3d-d5f302664a7b6c1177b6f1bbd39a09db '   itemscope=\"itemscope\" itemtype=\"https:\/\/schema.org\/BlogPosting\" itemprop=\"blogPost\" ><div class='avia_textblock'  itemprop=\"text\" ><p>Chant<\/p>\n<p><strong>Anna Wermter<\/strong> (mezzo-soprano), Pibrac \u2014 1er prix avec qualification pour le concours r\u00e9gional sup\u00e9rieur<br \/>\n<strong>Vanessa Ramge<\/strong> (soprano), Ho Chi Minh Ville \u2014 1er prix<\/p>\n<\/div><\/section><\/div>\n<div  class='flex_column av-av_one_half-538dd737667e19053994a94b9156413b av_one_half  avia-builder-el-7  el_after_av_one_half  el_before_av_hr  flex_column_div  '     ><section  class='av_textblock_section av-mmlox2jg-2aafd6ce98229cb7295c3b42ff4da0fe '   itemscope=\"itemscope\" itemtype=\"https:\/\/schema.org\/BlogPosting\" itemprop=\"blogPost\" ><div class='avia_textblock'  itemprop=\"text\" ><p>Piano<\/p>\n<p><strong>Franz Nadim Heinemann Haddad<\/strong>, iDSP \u2014 1er prix avec qualification pour le concours r\u00e9gional sup\u00e9rieur<br \/>\n<strong>Franziska Riel\u00e4nder<\/strong>, iDSP \u2014 1er prix<\/p>\n<\/div><\/section><\/div>\n\n<style type=\"text\/css\" data-created_by=\"avia_inline_auto\" id=\"style-css-av-av_hr-ecec01c1a62feb8bfc9f43a45319c97d\">\n#top .hr.hr-invisible.av-av_hr-ecec01c1a62feb8bfc9f43a45319c97d{\nheight:25px;\n}\n<\/style>\n<div  class='hr av-av_hr-ecec01c1a62feb8bfc9f43a45319c97d hr-invisible  avia-builder-el-9  el_after_av_one_half  el_before_av_one_full '><span class='hr-inner '><span class=\"hr-inner-style\"><\/span><\/span><\/div>\n<div  class='flex_column av-av_one_full-a2cef933b0a555f25d1e39b22a8e9dae av_one_full  avia-builder-el-10  el_after_av_hr  el_before_av_hr  first flex_column_div  '     ><div id='av-masonry-1' class='av-masonry av-av_masonry_gallery-36e81cdbbb0732c59e9794f4fc896427 noHover av-fixed-size av-1px-gap av-hover-overlay- av-masonry-animation-active av-masonry-col-2 av-caption-always av-caption-style- av-masonry-gallery ' data-post_id=\"34553\"><div class=\"av-masonry-container isotope av-js-disabled\"><div class='av-masonry-entry isotope-item av-masonry-item-no-image '><\/div><a href=\"https:\/\/www.idsp.fr\/wp-content\/uploads\/2026\/03\/Klavier2-773x1030.webp\" data-srcset=\"https:\/\/www.idsp.fr\/wp-content\/uploads\/2026\/03\/Klavier2-773x1030.webp 773w, https:\/\/www.idsp.fr\/wp-content\/uploads\/2026\/03\/Klavier2-240x320.webp 240w, https:\/\/www.idsp.fr\/wp-content\/uploads\/2026\/03\/Klavier2-768x1024.webp 768w, https:\/\/www.idsp.fr\/wp-content\/uploads\/2026\/03\/Klavier2-1152x1536.webp 1152w, https:\/\/www.idsp.fr\/wp-content\/uploads\/2026\/03\/Klavier2-1125x1500.webp 1125w, https:\/\/www.idsp.fr\/wp-content\/uploads\/2026\/03\/Klavier2-529x705.webp 529w, https:\/\/www.idsp.fr\/wp-content\/uploads\/2026\/03\/Klavier2.webp 1500w\" data-sizes=\"(max-width: 773px) 100vw, 773px\"  aria-label=\"image Klavier2\"  id='av-masonry-1-item-34542' data-av-masonry-item='34542' class='av-masonry-entry isotope-item post-34542 attachment type-attachment status-inherit hentry  av-masonry-item-with-image' title=\"Klavier2\" alt=\"\"    itemprop=\"thumbnailUrl\" ><div class='av-inner-masonry-sizer'><\/div><figure class='av-inner-masonry main_color'><div class=\"av-masonry-outerimage-container\"><div class='av-masonry-image-container' style=\"background-image: url(https:\/\/www.idsp.fr\/wp-content\/uploads\/2026\/03\/Klavier2-529x705.webp);\"  title=\"Klavier2\" ><\/div><\/div><\/figure><\/a><!--end av-masonry entry--><a href=\"https:\/\/www.idsp.fr\/wp-content\/uploads\/2026\/03\/Noten-1030x613.webp\" data-srcset=\"https:\/\/www.idsp.fr\/wp-content\/uploads\/2026\/03\/Noten-1030x613.webp 1030w, https:\/\/www.idsp.fr\/wp-content\/uploads\/2026\/03\/Noten-340x202.webp 340w, https:\/\/www.idsp.fr\/wp-content\/uploads\/2026\/03\/Noten-768x457.webp 768w, https:\/\/www.idsp.fr\/wp-content\/uploads\/2026\/03\/Noten-705x419.webp 705w, https:\/\/www.idsp.fr\/wp-content\/uploads\/2026\/03\/Noten.webp 1500w\" data-sizes=\"(max-width: 1030px) 100vw, 1030px\"  aria-label=\"image Noten\"  id='av-masonry-1-item-34536' data-av-masonry-item='34536' class='av-masonry-entry isotope-item post-34536 attachment type-attachment status-inherit hentry  av-masonry-item-with-image' title=\"Noten\" alt=\"\"    itemprop=\"thumbnailUrl\" ><div class='av-inner-masonry-sizer'><\/div><figure class='av-inner-masonry main_color'><div class=\"av-masonry-outerimage-container\"><div class='av-masonry-image-container' style=\"background-image: url(https:\/\/www.idsp.fr\/wp-content\/uploads\/2026\/03\/Noten-705x419.webp);\"  title=\"Noten\" ><\/div><\/div><\/figure><\/a><!--end av-masonry entry--><a href=\"https:\/\/www.idsp.fr\/wp-content\/uploads\/2026\/03\/Anna_Wermter3-839x1030.webp\" data-srcset=\"https:\/\/www.idsp.fr\/wp-content\/uploads\/2026\/03\/Anna_Wermter3-839x1030.webp 839w, https:\/\/www.idsp.fr\/wp-content\/uploads\/2026\/03\/Anna_Wermter3-261x320.webp 261w, https:\/\/www.idsp.fr\/wp-content\/uploads\/2026\/03\/Anna_Wermter3-768x943.webp 768w, https:\/\/www.idsp.fr\/wp-content\/uploads\/2026\/03\/Anna_Wermter3-1251x1536.webp 1251w, https:\/\/www.idsp.fr\/wp-content\/uploads\/2026\/03\/Anna_Wermter3-1222x1500.webp 1222w, https:\/\/www.idsp.fr\/wp-content\/uploads\/2026\/03\/Anna_Wermter3-574x705.webp 574w, https:\/\/www.idsp.fr\/wp-content\/uploads\/2026\/03\/Anna_Wermter3.webp 1512w\" data-sizes=\"(max-width: 839px) 100vw, 839px\"  aria-label=\"image Anna_Wermter3\"  id='av-masonry-1-item-34540' data-av-masonry-item='34540' class='av-masonry-entry isotope-item post-34540 attachment type-attachment status-inherit hentry  av-masonry-item-with-image' title=\"Anna_Wermter3\" alt=\"\"    itemprop=\"thumbnailUrl\" ><div class='av-inner-masonry-sizer'><\/div><figure class='av-inner-masonry main_color'><div class=\"av-masonry-outerimage-container\"><div class='av-masonry-image-container' style=\"background-image: url(https:\/\/www.idsp.fr\/wp-content\/uploads\/2026\/03\/Anna_Wermter3-574x705.webp);\"  title=\"Anna_Wermter3\" ><\/div><\/div><\/figure><\/a><!--end av-masonry entry--><a href=\"https:\/\/www.idsp.fr\/wp-content\/uploads\/2026\/03\/Jury-1030x691.webp\" data-srcset=\"https:\/\/www.idsp.fr\/wp-content\/uploads\/2026\/03\/Jury-1030x691.webp 1030w, https:\/\/www.idsp.fr\/wp-content\/uploads\/2026\/03\/Jury-340x228.webp 340w, https:\/\/www.idsp.fr\/wp-content\/uploads\/2026\/03\/Jury-768x515.webp 768w, https:\/\/www.idsp.fr\/wp-content\/uploads\/2026\/03\/Jury-1536x1031.webp 1536w, https:\/\/www.idsp.fr\/wp-content\/uploads\/2026\/03\/Jury-1500x1007.webp 1500w, https:\/\/www.idsp.fr\/wp-content\/uploads\/2026\/03\/Jury-705x473.webp 705w, https:\/\/www.idsp.fr\/wp-content\/uploads\/2026\/03\/Jury.webp 1870w\" data-sizes=\"(max-width: 1030px) 100vw, 1030px\"  aria-label=\"image Jury\"  id='av-masonry-1-item-34544' data-av-masonry-item='34544' class='av-masonry-entry isotope-item post-34544 attachment type-attachment status-inherit hentry  av-masonry-item-with-image' title=\"Jury\" alt=\"\"    itemprop=\"thumbnailUrl\" ><div class='av-inner-masonry-sizer'><\/div><figure class='av-inner-masonry main_color'><div class=\"av-masonry-outerimage-container\"><div class='av-masonry-image-container' style=\"background-image: url(https:\/\/www.idsp.fr\/wp-content\/uploads\/2026\/03\/Jury-705x473.webp);\"  title=\"Jury\" ><\/div><\/div><\/figure><\/a><!--end av-masonry entry--><\/div><\/div><\/div>\n\n<style type=\"text\/css\" data-created_by=\"avia_inline_auto\" id=\"style-css-av-av_hr-ecec01c1a62feb8bfc9f43a45319c97d\">\n#top .hr.hr-invisible.av-av_hr-ecec01c1a62feb8bfc9f43a45319c97d{\nheight:25px;\n}\n<\/style>\n<div  class='hr av-av_hr-ecec01c1a62feb8bfc9f43a45319c97d hr-invisible  avia-builder-el-12  el_after_av_one_full  el_before_av_textblock '><span class='hr-inner '><span class=\"hr-inner-style\"><\/span><\/span><\/div>\n<section  class='av_textblock_section av-mmloyy6s-9e61c1f123954b1a7e1a470e0f1bd033 '   itemscope=\"itemscope\" itemtype=\"https:\/\/schema.org\/BlogPosting\" itemprop=\"blogPost\" ><div class='avia_textblock'  itemprop=\"text\" ><p>Les chanteuses \u00e9taient accompagn\u00e9es au piano par Till Oelkers. Le jury \u00e9tait compos\u00e9 de <strong>Mirko Herzberg, Annika M\u00fcller et M. Gad<\/strong> (EMFA).<\/p>\n<p>Nous f\u00e9licitons chaleureusement tous les participants pour leurs prestations. Nous nous r\u00e9jouissons tout particuli\u00e8rement pour <strong>Anna Wermter et Franz Nadim Heinemann Haddad, qui se sont qualifi\u00e9s pour le concours r\u00e9gional sup\u00e9rieur<\/strong> et y poursuivront la prochaine \u00e9tape du concours. Nous leur souhaitons beaucoup de succ\u00e8s. Nous remercions \u00e9galement Anna Wermter pour son aimable autorisation de partager un enregistrement de sa prestation.<\/p>\n<p>Ce concours a offert un bel aper\u00e7u de l\u2019engagement musical de jeunes talents et rappelle combien il est important d\u2019offrir des espaces o\u00f9 <strong>culture, expression personnelle et plaisir de la musique<\/strong> peuvent se rencontrer \u2014 des valeurs qui occupent \u00e9galement une place centrale dans le projet p\u00e9dagogique de notre \u00e9cole.<\/p>\n<\/div><\/section>\n","protected":false},"excerpt":{"rendered":"","protected":false},"author":1,"featured_media":34542,"comment_status":"closed","ping_status":"closed","sticky":false,"template":"","format":"standard","meta":{"footnotes":""},"categories":[22,23],"tags":[],"class_list":["post-34553","post","type-post","status-publish","format-standard","has-post-thumbnail","hentry","category-actualites-secondaire","category-actualites-idsp"],"yoast_head":"<!-- This site is optimized with the Yoast SEO plugin v27.4 - https:\/\/yoast.com\/product\/yoast-seo-wordpress\/ -->\n<title>Jeunes talents au concours r\u00e9gional \u00ab Jugend musiziert \u00bb \u00e0 l&#039;iDSP - iDSP - La Schule - Internationale Deutsche Schule Paris<\/title>\n<meta name=\"robots\" content=\"index, follow, max-snippet:-1, max-image-preview:large, max-video-preview:-1\" \/>\n<link rel=\"canonical\" href=\"https:\/\/www.idsp.fr\/fr\/jeunes-talents-au-concours-regional-jugend-musiziert-a-lidsp\/\" \/>\n<meta property=\"og:locale\" content=\"fr_FR\" \/>\n<meta property=\"og:type\" content=\"article\" \/>\n<meta property=\"og:title\" content=\"Jeunes talents au concours r\u00e9gional \u00ab Jugend musiziert \u00bb \u00e0 l&#039;iDSP - iDSP - La Schule - Internationale Deutsche Schule Paris\" \/>\n<meta property=\"og:url\" content=\"https:\/\/www.idsp.fr\/fr\/jeunes-talents-au-concours-regional-jugend-musiziert-a-lidsp\/\" \/>\n<meta property=\"og:site_name\" content=\"iDSP - La Schule - Internationale Deutsche Schule Paris\" \/>\n<meta property=\"article:published_time\" content=\"2026-03-11T07:04:10+00:00\" \/>\n<meta property=\"article:modified_time\" content=\"2026-03-12T15:57:56+00:00\" \/>\n<meta property=\"og:image\" content=\"https:\/\/www.idsp.fr\/wp-content\/uploads\/2026\/03\/Klavier2.webp\" \/>\n\t<meta property=\"og:image:width\" content=\"1500\" \/>\n\t<meta property=\"og:image:height\" content=\"2000\" \/>\n\t<meta property=\"og:image:type\" content=\"image\/webp\" \/>\n<meta name=\"author\" content=\"andrea\" \/>\n<meta name=\"twitter:card\" content=\"summary_large_image\" \/>\n<meta name=\"twitter:label1\" content=\"\u00c9crit par\" \/>\n\t<meta name=\"twitter:data1\" content=\"andrea\" \/>\n\t<meta name=\"twitter:label2\" content=\"Dur\u00e9e de lecture estim\u00e9e\" \/>\n\t<meta name=\"twitter:data2\" content=\"2 minutes\" \/>\n<script type=\"application\/ld+json\" class=\"yoast-schema-graph\">{\"@context\":\"https:\\\/\\\/schema.org\",\"@graph\":[{\"@type\":\"Article\",\"@id\":\"https:\\\/\\\/www.idsp.fr\\\/fr\\\/jeunes-talents-au-concours-regional-jugend-musiziert-a-lidsp\\\/#article\",\"isPartOf\":{\"@id\":\"https:\\\/\\\/www.idsp.fr\\\/fr\\\/jeunes-talents-au-concours-regional-jugend-musiziert-a-lidsp\\\/\"},\"author\":{\"name\":\"andrea\",\"@id\":\"https:\\\/\\\/www.idsp.fr\\\/#\\\/schema\\\/person\\\/c1532c6d2fcf02dac94e5c52a037161c\"},\"headline\":\"Jeunes talents au concours r\u00e9gional \u00ab Jugend musiziert \u00bb \u00e0 l&rsquo;iDSP\",\"datePublished\":\"2026-03-11T07:04:10+00:00\",\"dateModified\":\"2026-03-12T15:57:56+00:00\",\"mainEntityOfPage\":{\"@id\":\"https:\\\/\\\/www.idsp.fr\\\/fr\\\/jeunes-talents-au-concours-regional-jugend-musiziert-a-lidsp\\\/\"},\"wordCount\":2380,\"image\":{\"@id\":\"https:\\\/\\\/www.idsp.fr\\\/fr\\\/jeunes-talents-au-concours-regional-jugend-musiziert-a-lidsp\\\/#primaryimage\"},\"thumbnailUrl\":\"https:\\\/\\\/www.idsp.fr\\\/wp-content\\\/uploads\\\/2026\\\/03\\\/Klavier2.webp\",\"articleSection\":[\"Actualit\u00e9s du secondaire\",\"Actualit\u00e9s iDSP\"],\"inLanguage\":\"fr-FR\"},{\"@type\":\"WebPage\",\"@id\":\"https:\\\/\\\/www.idsp.fr\\\/fr\\\/jeunes-talents-au-concours-regional-jugend-musiziert-a-lidsp\\\/\",\"url\":\"https:\\\/\\\/www.idsp.fr\\\/fr\\\/jeunes-talents-au-concours-regional-jugend-musiziert-a-lidsp\\\/\",\"name\":\"Jeunes talents au concours r\u00e9gional \u00ab Jugend musiziert \u00bb \u00e0 l'iDSP - iDSP - La Schule - Internationale Deutsche Schule Paris\",\"isPartOf\":{\"@id\":\"https:\\\/\\\/www.idsp.fr\\\/#website\"},\"primaryImageOfPage\":{\"@id\":\"https:\\\/\\\/www.idsp.fr\\\/fr\\\/jeunes-talents-au-concours-regional-jugend-musiziert-a-lidsp\\\/#primaryimage\"},\"image\":{\"@id\":\"https:\\\/\\\/www.idsp.fr\\\/fr\\\/jeunes-talents-au-concours-regional-jugend-musiziert-a-lidsp\\\/#primaryimage\"},\"thumbnailUrl\":\"https:\\\/\\\/www.idsp.fr\\\/wp-content\\\/uploads\\\/2026\\\/03\\\/Klavier2.webp\",\"datePublished\":\"2026-03-11T07:04:10+00:00\",\"dateModified\":\"2026-03-12T15:57:56+00:00\",\"author\":{\"@id\":\"https:\\\/\\\/www.idsp.fr\\\/#\\\/schema\\\/person\\\/c1532c6d2fcf02dac94e5c52a037161c\"},\"breadcrumb\":{\"@id\":\"https:\\\/\\\/www.idsp.fr\\\/fr\\\/jeunes-talents-au-concours-regional-jugend-musiziert-a-lidsp\\\/#breadcrumb\"},\"inLanguage\":\"fr-FR\",\"potentialAction\":[{\"@type\":\"ReadAction\",\"target\":[\"https:\\\/\\\/www.idsp.fr\\\/fr\\\/jeunes-talents-au-concours-regional-jugend-musiziert-a-lidsp\\\/\"]}]},{\"@type\":\"ImageObject\",\"inLanguage\":\"fr-FR\",\"@id\":\"https:\\\/\\\/www.idsp.fr\\\/fr\\\/jeunes-talents-au-concours-regional-jugend-musiziert-a-lidsp\\\/#primaryimage\",\"url\":\"https:\\\/\\\/www.idsp.fr\\\/wp-content\\\/uploads\\\/2026\\\/03\\\/Klavier2.webp\",\"contentUrl\":\"https:\\\/\\\/www.idsp.fr\\\/wp-content\\\/uploads\\\/2026\\\/03\\\/Klavier2.webp\",\"width\":1500,\"height\":2000},{\"@type\":\"BreadcrumbList\",\"@id\":\"https:\\\/\\\/www.idsp.fr\\\/fr\\\/jeunes-talents-au-concours-regional-jugend-musiziert-a-lidsp\\\/#breadcrumb\",\"itemListElement\":[{\"@type\":\"ListItem\",\"position\":1,\"name\":\"Startseite\",\"item\":\"https:\\\/\\\/www.idsp.fr\\\/fr\\\/idsp-ecole-allemande-internationale-de-paris\\\/\"},{\"@type\":\"ListItem\",\"position\":2,\"name\":\"Jeunes talents au concours r\u00e9gional \u00ab Jugend musiziert \u00bb \u00e0 l&#8217;iDSP\"}]},{\"@type\":\"WebSite\",\"@id\":\"https:\\\/\\\/www.idsp.fr\\\/#website\",\"url\":\"https:\\\/\\\/www.idsp.fr\\\/\",\"name\":\"iDSP - La Schule - Internationale Deutsche Schule Paris\",\"description\":\"\",\"potentialAction\":[{\"@type\":\"SearchAction\",\"target\":{\"@type\":\"EntryPoint\",\"urlTemplate\":\"https:\\\/\\\/www.idsp.fr\\\/?s={search_term_string}\"},\"query-input\":{\"@type\":\"PropertyValueSpecification\",\"valueRequired\":true,\"valueName\":\"search_term_string\"}}],\"inLanguage\":\"fr-FR\"},{\"@type\":\"Person\",\"@id\":\"https:\\\/\\\/www.idsp.fr\\\/#\\\/schema\\\/person\\\/c1532c6d2fcf02dac94e5c52a037161c\",\"name\":\"andrea\",\"sameAs\":[\"https:\\\/\\\/www.idsp.fr\"],\"url\":\"https:\\\/\\\/www.idsp.fr\\\/fr\\\/author\\\/andrea\\\/\"}]}<\/script>\n<!-- \/ Yoast SEO plugin. -->","yoast_head_json":{"title":"Jeunes talents au concours r\u00e9gional \u00ab Jugend musiziert \u00bb \u00e0 l'iDSP - iDSP - La Schule - Internationale Deutsche Schule Paris","robots":{"index":"index","follow":"follow","max-snippet":"max-snippet:-1","max-image-preview":"max-image-preview:large","max-video-preview":"max-video-preview:-1"},"canonical":"https:\/\/www.idsp.fr\/fr\/jeunes-talents-au-concours-regional-jugend-musiziert-a-lidsp\/","og_locale":"fr_FR","og_type":"article","og_title":"Jeunes talents au concours r\u00e9gional \u00ab Jugend musiziert \u00bb \u00e0 l'iDSP - iDSP - La Schule - Internationale Deutsche Schule Paris","og_url":"https:\/\/www.idsp.fr\/fr\/jeunes-talents-au-concours-regional-jugend-musiziert-a-lidsp\/","og_site_name":"iDSP - La Schule - Internationale Deutsche Schule Paris","article_published_time":"2026-03-11T07:04:10+00:00","article_modified_time":"2026-03-12T15:57:56+00:00","og_image":[{"width":1500,"height":2000,"url":"https:\/\/www.idsp.fr\/wp-content\/uploads\/2026\/03\/Klavier2.webp","type":"image\/webp"}],"author":"andrea","twitter_card":"summary_large_image","twitter_misc":{"\u00c9crit par":"andrea","Dur\u00e9e de lecture estim\u00e9e":"2 minutes"},"schema":{"@context":"https:\/\/schema.org","@graph":[{"@type":"Article","@id":"https:\/\/www.idsp.fr\/fr\/jeunes-talents-au-concours-regional-jugend-musiziert-a-lidsp\/#article","isPartOf":{"@id":"https:\/\/www.idsp.fr\/fr\/jeunes-talents-au-concours-regional-jugend-musiziert-a-lidsp\/"},"author":{"name":"andrea","@id":"https:\/\/www.idsp.fr\/#\/schema\/person\/c1532c6d2fcf02dac94e5c52a037161c"},"headline":"Jeunes talents au concours r\u00e9gional \u00ab Jugend musiziert \u00bb \u00e0 l&rsquo;iDSP","datePublished":"2026-03-11T07:04:10+00:00","dateModified":"2026-03-12T15:57:56+00:00","mainEntityOfPage":{"@id":"https:\/\/www.idsp.fr\/fr\/jeunes-talents-au-concours-regional-jugend-musiziert-a-lidsp\/"},"wordCount":2380,"image":{"@id":"https:\/\/www.idsp.fr\/fr\/jeunes-talents-au-concours-regional-jugend-musiziert-a-lidsp\/#primaryimage"},"thumbnailUrl":"https:\/\/www.idsp.fr\/wp-content\/uploads\/2026\/03\/Klavier2.webp","articleSection":["Actualit\u00e9s du secondaire","Actualit\u00e9s iDSP"],"inLanguage":"fr-FR"},{"@type":"WebPage","@id":"https:\/\/www.idsp.fr\/fr\/jeunes-talents-au-concours-regional-jugend-musiziert-a-lidsp\/","url":"https:\/\/www.idsp.fr\/fr\/jeunes-talents-au-concours-regional-jugend-musiziert-a-lidsp\/","name":"Jeunes talents au concours r\u00e9gional \u00ab Jugend musiziert \u00bb \u00e0 l'iDSP - iDSP - La Schule - Internationale Deutsche Schule Paris","isPartOf":{"@id":"https:\/\/www.idsp.fr\/#website"},"primaryImageOfPage":{"@id":"https:\/\/www.idsp.fr\/fr\/jeunes-talents-au-concours-regional-jugend-musiziert-a-lidsp\/#primaryimage"},"image":{"@id":"https:\/\/www.idsp.fr\/fr\/jeunes-talents-au-concours-regional-jugend-musiziert-a-lidsp\/#primaryimage"},"thumbnailUrl":"https:\/\/www.idsp.fr\/wp-content\/uploads\/2026\/03\/Klavier2.webp","datePublished":"2026-03-11T07:04:10+00:00","dateModified":"2026-03-12T15:57:56+00:00","author":{"@id":"https:\/\/www.idsp.fr\/#\/schema\/person\/c1532c6d2fcf02dac94e5c52a037161c"},"breadcrumb":{"@id":"https:\/\/www.idsp.fr\/fr\/jeunes-talents-au-concours-regional-jugend-musiziert-a-lidsp\/#breadcrumb"},"inLanguage":"fr-FR","potentialAction":[{"@type":"ReadAction","target":["https:\/\/www.idsp.fr\/fr\/jeunes-talents-au-concours-regional-jugend-musiziert-a-lidsp\/"]}]},{"@type":"ImageObject","inLanguage":"fr-FR","@id":"https:\/\/www.idsp.fr\/fr\/jeunes-talents-au-concours-regional-jugend-musiziert-a-lidsp\/#primaryimage","url":"https:\/\/www.idsp.fr\/wp-content\/uploads\/2026\/03\/Klavier2.webp","contentUrl":"https:\/\/www.idsp.fr\/wp-content\/uploads\/2026\/03\/Klavier2.webp","width":1500,"height":2000},{"@type":"BreadcrumbList","@id":"https:\/\/www.idsp.fr\/fr\/jeunes-talents-au-concours-regional-jugend-musiziert-a-lidsp\/#breadcrumb","itemListElement":[{"@type":"ListItem","position":1,"name":"Startseite","item":"https:\/\/www.idsp.fr\/fr\/idsp-ecole-allemande-internationale-de-paris\/"},{"@type":"ListItem","position":2,"name":"Jeunes talents au concours r\u00e9gional \u00ab Jugend musiziert \u00bb \u00e0 l&#8217;iDSP"}]},{"@type":"WebSite","@id":"https:\/\/www.idsp.fr\/#website","url":"https:\/\/www.idsp.fr\/","name":"iDSP - La Schule - Internationale Deutsche Schule Paris","description":"","potentialAction":[{"@type":"SearchAction","target":{"@type":"EntryPoint","urlTemplate":"https:\/\/www.idsp.fr\/?s={search_term_string}"},"query-input":{"@type":"PropertyValueSpecification","valueRequired":true,"valueName":"search_term_string"}}],"inLanguage":"fr-FR"},{"@type":"Person","@id":"https:\/\/www.idsp.fr\/#\/schema\/person\/c1532c6d2fcf02dac94e5c52a037161c","name":"andrea","sameAs":["https:\/\/www.idsp.fr"],"url":"https:\/\/www.idsp.fr\/fr\/author\/andrea\/"}]}},"_links":{"self":[{"href":"https:\/\/www.idsp.fr\/fr\/wp-json\/wp\/v2\/posts\/34553","targetHints":{"allow":["GET"]}}],"collection":[{"href":"https:\/\/www.idsp.fr\/fr\/wp-json\/wp\/v2\/posts"}],"about":[{"href":"https:\/\/www.idsp.fr\/fr\/wp-json\/wp\/v2\/types\/post"}],"author":[{"embeddable":true,"href":"https:\/\/www.idsp.fr\/fr\/wp-json\/wp\/v2\/users\/1"}],"replies":[{"embeddable":true,"href":"https:\/\/www.idsp.fr\/fr\/wp-json\/wp\/v2\/comments?post=34553"}],"version-history":[{"count":5,"href":"https:\/\/www.idsp.fr\/fr\/wp-json\/wp\/v2\/posts\/34553\/revisions"}],"predecessor-version":[{"id":34694,"href":"https:\/\/www.idsp.fr\/fr\/wp-json\/wp\/v2\/posts\/34553\/revisions\/34694"}],"wp:featuredmedia":[{"embeddable":true,"href":"https:\/\/www.idsp.fr\/fr\/wp-json\/wp\/v2\/media\/34542"}],"wp:attachment":[{"href":"https:\/\/www.idsp.fr\/fr\/wp-json\/wp\/v2\/media?parent=34553"}],"wp:term":[{"taxonomy":"category","embeddable":true,"href":"https:\/\/www.idsp.fr\/fr\/wp-json\/wp\/v2\/categories?post=34553"},{"taxonomy":"post_tag","embeddable":true,"href":"https:\/\/www.idsp.fr\/fr\/wp-json\/wp\/v2\/tags?post=34553"}],"curies":[{"name":"wp","href":"https:\/\/api.w.org\/{rel}","templated":true}]}}