{"id":34212,"date":"2026-01-26T19:35:34","date_gmt":"2026-01-26T18:35:34","guid":{"rendered":"https:\/\/www.idsp.fr\/?p=34212"},"modified":"2026-01-26T19:36:27","modified_gmt":"2026-01-26T18:36:27","slug":"idsp-chor-orchester-recherche-de-nouveaux-talents","status":"publish","type":"post","link":"https:\/\/www.idsp.fr\/fr\/idsp-chor-orchester-recherche-de-nouveaux-talents\/","title":{"rendered":"iDSP Chor &#038; Orchester recherche de nouveaux talents !"},"content":{"rendered":"\n<style type=\"text\/css\" data-created_by=\"avia_inline_auto\" id=\"style-css-av-av_section-21c48b69e22c6432fc4a661b10db35ad\">\n.avia-section.av-av_section-21c48b69e22c6432fc4a661b10db35ad{\nbackground-color:#024d7d;\nbackground-image:unset;\n}\n<\/style>\n<div id='av_section_1'  class='avia-section av-av_section-21c48b69e22c6432fc4a661b10db35ad main_color avia-section-small avia-no-border-styling  avia-builder-el-0  el_before_av_heading  avia-builder-el-first  avia-bg-style-scroll av-minimum-height av-minimum-height-custom av-height-custom  container_wrap sidebar_right'   data-av_minimum_height_px='100'><div class='container av-section-cont-open' style='height:100px'><main  role=\"main\" itemprop=\"mainContentOfPage\"  class='template-page content  av-content-small alpha units'><div class='post-entry post-entry-type-page post-entry-34212'><div class='entry-content-wrapper clearfix'>\n\n<style type=\"text\/css\" data-created_by=\"avia_inline_auto\" id=\"style-css-av-mkvidpp7-dbf2f9ae19c5ed87017ac3c0022e2d3f\">\n#top .av-special-heading.av-mkvidpp7-dbf2f9ae19c5ed87017ac3c0022e2d3f{\npadding-bottom:10px;\ncolor:#ffffff;\n}\nbody .av-special-heading.av-mkvidpp7-dbf2f9ae19c5ed87017ac3c0022e2d3f .av-special-heading-tag .heading-char{\nfont-size:25px;\n}\n.av-special-heading.av-mkvidpp7-dbf2f9ae19c5ed87017ac3c0022e2d3f .special-heading-inner-border{\nborder-color:#ffffff;\n}\n.av-special-heading.av-mkvidpp7-dbf2f9ae19c5ed87017ac3c0022e2d3f .av-subheading{\nfont-size:15px;\n}\n<\/style>\n<div  class='av-special-heading av-mkvidpp7-dbf2f9ae19c5ed87017ac3c0022e2d3f av-special-heading-h2 custom-color-heading  avia-builder-el-1  avia-builder-el-no-sibling '><h2 class='av-special-heading-tag '  itemprop=\"headline\"  > Actualit\u00e9s du secondaire<\/h2><div class=\"special-heading-border\"><div class=\"special-heading-inner-border\"><\/div><\/div><\/div>\n<\/div><\/div><\/main><!-- close content main element --><\/div><\/div><div id='after_section_1'  class='main_color av_default_container_wrap container_wrap sidebar_right'  ><div class='container av-section-cont-open' ><div class='template-page content  av-content-small alpha units'><div class='post-entry post-entry-type-page post-entry-34212'><div class='entry-content-wrapper clearfix'>\n<style type=\"text\/css\" data-created_by=\"avia_inline_auto\" id=\"style-css-av-mkviapsr-26c5297675895cd5593c03b12e6a2da3\">\n#top .av-special-heading.av-mkviapsr-26c5297675895cd5593c03b12e6a2da3{\npadding-bottom:25px;\n}\nbody .av-special-heading.av-mkviapsr-26c5297675895cd5593c03b12e6a2da3 .av-special-heading-tag .heading-char{\nfont-size:25px;\n}\n.av-special-heading.av-mkviapsr-26c5297675895cd5593c03b12e6a2da3 .av-subheading{\nfont-size:15px;\n}\n<\/style>\n<div  class='av-special-heading av-mkviapsr-26c5297675895cd5593c03b12e6a2da3 av-special-heading-h1 blockquote modern-quote  avia-builder-el-2  el_after_av_section  el_before_av_textblock  avia-builder-el-first '><h1 class='av-special-heading-tag '  itemprop=\"headline\"  >iDSP Chor <span class='special_amp'>&amp;<\/span> Orchester recherche de nouveaux talents !<\/h1><div class='av-subheading av-subheading_below'><p>Laura Mauerer<\/p>\n<\/div><div class=\"special-heading-border\"><div class=\"special-heading-inner-border\"><\/div><\/div><\/div><\/p>\n<section  class='av_textblock_section av-mkvibtkt-59b69f292d6fa73a8499dee2880fcff9 '   itemscope=\"itemscope\" itemtype=\"https:\/\/schema.org\/BlogPosting\" itemprop=\"blogPost\" ><div class='avia_textblock'  itemprop=\"text\" ><p>Ch\u00e8re communaut\u00e9 scolaire,<\/p>\n<p><img decoding=\"async\" class=\"alignright wp-image-34209\" src=\"https:\/\/www.idsp.fr\/wp-content\/uploads\/2026\/01\/Chor_Orchester_Visual.webp\" alt=\"\" width=\"350\" height=\"495\" srcset=\"https:\/\/www.idsp.fr\/wp-content\/uploads\/2026\/01\/Chor_Orchester_Visual.webp 724w, https:\/\/www.idsp.fr\/wp-content\/uploads\/2026\/01\/Chor_Orchester_Visual-226x320.webp 226w, https:\/\/www.idsp.fr\/wp-content\/uploads\/2026\/01\/Chor_Orchester_Visual-498x705.webp 498w\" sizes=\"(max-width: 350px) 100vw, 350px\" \/>Notre offre musicale s\u2019\u00e9toffe ! J\u2019invite chaleureusement toutes les \u00e9l\u00e8ves et tous les \u00e9l\u00e8ves \u00e0 rejoindre nos ensembles :<\/p>\n<p><strong>Ch\u0153ur du secondaire<\/strong><br \/>\nApr\u00e8s un premier semestre tr\u00e8s r\u00e9ussi, le ch\u0153ur poursuit son aventure et accueille volontiers de <strong>nouvelles voix<\/strong>. Les r\u00e9p\u00e9titions ont lieu <strong>le mercredi de 14h00 \u00e0 15h30<\/strong>, en <strong>salle A1<\/strong>.<\/p>\n<p><strong>Orchestre junior (NOUVEAU \u00e0 partir du 2<\/strong><strong>\u1d49<\/strong><strong> semestre)<\/strong><br \/>\nTu joues d\u2019un instrument \u2014 m\u00eame depuis peu ? Parfait ! Les partitions seront <strong>adapt\u00e9es au niveau de chacun<\/strong>, afin que les d\u00e9butantes et d\u00e9butants puissent \u00e9galement participer. Les seules conditions sont de <strong>suivre des cours d\u2019instrument<\/strong> et d\u2019apporter un peu de <strong>concentration<\/strong>. Les <strong>guitaristes<\/strong> ainsi que <strong>jusqu\u2019\u00e0 quatre pianistes<\/strong> sont \u00e9galement les bienvenus.<br \/>\nL\u2019orchestre aura lieu <strong>le lundi de 15h40 \u00e0 17h10<\/strong>, sous r\u00e9serve d\u2019un nombre suffisant d\u2019inscriptions.<\/p>\n<p>L\u2019inscription se fait id\u00e9alement dans le cadre du <strong>choix des activit\u00e9s (AG)<\/strong>, mais il est \u00e9galement possible de venir <strong>essayer \u00e0 tout moment<\/strong>.<\/p>\n<p>Au plaisir de vous retrouver en musique,<\/p>\n<p>Laura Mauerer<\/p>\n<\/div><\/section>\n","protected":false},"excerpt":{"rendered":"","protected":false},"author":1,"featured_media":34209,"comment_status":"closed","ping_status":"closed","sticky":false,"template":"","format":"standard","meta":{"footnotes":""},"categories":[22,23],"tags":[],"class_list":["post-34212","post","type-post","status-publish","format-standard","has-post-thumbnail","hentry","category-actualites-secondaire","category-actualites-idsp"],"yoast_head":"<!-- This site is optimized with the Yoast SEO plugin v27.4 - https:\/\/yoast.com\/product\/yoast-seo-wordpress\/ -->\n<title>iDSP Chor &amp; Orchester recherche de nouveaux talents ! - iDSP - La Schule - Internationale Deutsche Schule Paris<\/title>\n<meta name=\"robots\" content=\"index, follow, max-snippet:-1, max-image-preview:large, max-video-preview:-1\" \/>\n<link rel=\"canonical\" href=\"https:\/\/www.idsp.fr\/fr\/idsp-chor-orchester-recherche-de-nouveaux-talents\/\" \/>\n<meta property=\"og:locale\" content=\"fr_FR\" \/>\n<meta property=\"og:type\" content=\"article\" \/>\n<meta property=\"og:title\" content=\"iDSP Chor &amp; Orchester recherche de nouveaux talents ! - iDSP - La Schule - Internationale Deutsche Schule Paris\" \/>\n<meta property=\"og:url\" content=\"https:\/\/www.idsp.fr\/fr\/idsp-chor-orchester-recherche-de-nouveaux-talents\/\" \/>\n<meta property=\"og:site_name\" content=\"iDSP - La Schule - Internationale Deutsche Schule Paris\" \/>\n<meta property=\"article:published_time\" content=\"2026-01-26T18:35:34+00:00\" \/>\n<meta property=\"article:modified_time\" content=\"2026-01-26T18:36:27+00:00\" \/>\n<meta property=\"og:image\" content=\"https:\/\/www.idsp.fr\/wp-content\/uploads\/2026\/01\/Chor_Orchester_Visual.webp\" \/>\n\t<meta property=\"og:image:width\" content=\"724\" \/>\n\t<meta property=\"og:image:height\" content=\"1024\" \/>\n\t<meta property=\"og:image:type\" content=\"image\/webp\" \/>\n<meta name=\"author\" content=\"andrea\" \/>\n<meta name=\"twitter:card\" content=\"summary_large_image\" \/>\n<meta name=\"twitter:label1\" content=\"\u00c9crit par\" \/>\n\t<meta name=\"twitter:data1\" content=\"andrea\" \/>\n\t<meta name=\"twitter:label2\" content=\"Dur\u00e9e de lecture estim\u00e9e\" \/>\n\t<meta name=\"twitter:data2\" content=\"2 minutes\" \/>\n<script type=\"application\/ld+json\" class=\"yoast-schema-graph\">{\"@context\":\"https:\\\/\\\/schema.org\",\"@graph\":[{\"@type\":\"Article\",\"@id\":\"https:\\\/\\\/www.idsp.fr\\\/fr\\\/idsp-chor-orchester-recherche-de-nouveaux-talents\\\/#article\",\"isPartOf\":{\"@id\":\"https:\\\/\\\/www.idsp.fr\\\/fr\\\/idsp-chor-orchester-recherche-de-nouveaux-talents\\\/\"},\"author\":{\"name\":\"andrea\",\"@id\":\"https:\\\/\\\/www.idsp.fr\\\/#\\\/schema\\\/person\\\/c1532c6d2fcf02dac94e5c52a037161c\"},\"headline\":\"iDSP Chor &#038; Orchester recherche de nouveaux talents !\",\"datePublished\":\"2026-01-26T18:35:34+00:00\",\"dateModified\":\"2026-01-26T18:36:27+00:00\",\"mainEntityOfPage\":{\"@id\":\"https:\\\/\\\/www.idsp.fr\\\/fr\\\/idsp-chor-orchester-recherche-de-nouveaux-talents\\\/\"},\"wordCount\":678,\"image\":{\"@id\":\"https:\\\/\\\/www.idsp.fr\\\/fr\\\/idsp-chor-orchester-recherche-de-nouveaux-talents\\\/#primaryimage\"},\"thumbnailUrl\":\"https:\\\/\\\/www.idsp.fr\\\/wp-content\\\/uploads\\\/2026\\\/01\\\/Chor_Orchester_Visual.webp\",\"articleSection\":[\"Actualit\u00e9s du secondaire\",\"Actualit\u00e9s iDSP\"],\"inLanguage\":\"fr-FR\"},{\"@type\":\"WebPage\",\"@id\":\"https:\\\/\\\/www.idsp.fr\\\/fr\\\/idsp-chor-orchester-recherche-de-nouveaux-talents\\\/\",\"url\":\"https:\\\/\\\/www.idsp.fr\\\/fr\\\/idsp-chor-orchester-recherche-de-nouveaux-talents\\\/\",\"name\":\"iDSP Chor & Orchester recherche de nouveaux talents ! - iDSP - La Schule - Internationale Deutsche Schule Paris\",\"isPartOf\":{\"@id\":\"https:\\\/\\\/www.idsp.fr\\\/#website\"},\"primaryImageOfPage\":{\"@id\":\"https:\\\/\\\/www.idsp.fr\\\/fr\\\/idsp-chor-orchester-recherche-de-nouveaux-talents\\\/#primaryimage\"},\"image\":{\"@id\":\"https:\\\/\\\/www.idsp.fr\\\/fr\\\/idsp-chor-orchester-recherche-de-nouveaux-talents\\\/#primaryimage\"},\"thumbnailUrl\":\"https:\\\/\\\/www.idsp.fr\\\/wp-content\\\/uploads\\\/2026\\\/01\\\/Chor_Orchester_Visual.webp\",\"datePublished\":\"2026-01-26T18:35:34+00:00\",\"dateModified\":\"2026-01-26T18:36:27+00:00\",\"author\":{\"@id\":\"https:\\\/\\\/www.idsp.fr\\\/#\\\/schema\\\/person\\\/c1532c6d2fcf02dac94e5c52a037161c\"},\"breadcrumb\":{\"@id\":\"https:\\\/\\\/www.idsp.fr\\\/fr\\\/idsp-chor-orchester-recherche-de-nouveaux-talents\\\/#breadcrumb\"},\"inLanguage\":\"fr-FR\",\"potentialAction\":[{\"@type\":\"ReadAction\",\"target\":[\"https:\\\/\\\/www.idsp.fr\\\/fr\\\/idsp-chor-orchester-recherche-de-nouveaux-talents\\\/\"]}]},{\"@type\":\"ImageObject\",\"inLanguage\":\"fr-FR\",\"@id\":\"https:\\\/\\\/www.idsp.fr\\\/fr\\\/idsp-chor-orchester-recherche-de-nouveaux-talents\\\/#primaryimage\",\"url\":\"https:\\\/\\\/www.idsp.fr\\\/wp-content\\\/uploads\\\/2026\\\/01\\\/Chor_Orchester_Visual.webp\",\"contentUrl\":\"https:\\\/\\\/www.idsp.fr\\\/wp-content\\\/uploads\\\/2026\\\/01\\\/Chor_Orchester_Visual.webp\",\"width\":724,\"height\":1024},{\"@type\":\"BreadcrumbList\",\"@id\":\"https:\\\/\\\/www.idsp.fr\\\/fr\\\/idsp-chor-orchester-recherche-de-nouveaux-talents\\\/#breadcrumb\",\"itemListElement\":[{\"@type\":\"ListItem\",\"position\":1,\"name\":\"Startseite\",\"item\":\"https:\\\/\\\/www.idsp.fr\\\/fr\\\/idsp-ecole-allemande-internationale-de-paris\\\/\"},{\"@type\":\"ListItem\",\"position\":2,\"name\":\"iDSP Chor &#038; Orchester recherche de nouveaux talents !\"}]},{\"@type\":\"WebSite\",\"@id\":\"https:\\\/\\\/www.idsp.fr\\\/#website\",\"url\":\"https:\\\/\\\/www.idsp.fr\\\/\",\"name\":\"iDSP - La Schule - Internationale Deutsche Schule Paris\",\"description\":\"\",\"potentialAction\":[{\"@type\":\"SearchAction\",\"target\":{\"@type\":\"EntryPoint\",\"urlTemplate\":\"https:\\\/\\\/www.idsp.fr\\\/?s={search_term_string}\"},\"query-input\":{\"@type\":\"PropertyValueSpecification\",\"valueRequired\":true,\"valueName\":\"search_term_string\"}}],\"inLanguage\":\"fr-FR\"},{\"@type\":\"Person\",\"@id\":\"https:\\\/\\\/www.idsp.fr\\\/#\\\/schema\\\/person\\\/c1532c6d2fcf02dac94e5c52a037161c\",\"name\":\"andrea\",\"sameAs\":[\"https:\\\/\\\/www.idsp.fr\"],\"url\":\"https:\\\/\\\/www.idsp.fr\\\/fr\\\/author\\\/andrea\\\/\"}]}<\/script>\n<!-- \/ Yoast SEO plugin. -->","yoast_head_json":{"title":"iDSP Chor & Orchester recherche de nouveaux talents ! - iDSP - La Schule - Internationale Deutsche Schule Paris","robots":{"index":"index","follow":"follow","max-snippet":"max-snippet:-1","max-image-preview":"max-image-preview:large","max-video-preview":"max-video-preview:-1"},"canonical":"https:\/\/www.idsp.fr\/fr\/idsp-chor-orchester-recherche-de-nouveaux-talents\/","og_locale":"fr_FR","og_type":"article","og_title":"iDSP Chor & Orchester recherche de nouveaux talents ! - iDSP - La Schule - Internationale Deutsche Schule Paris","og_url":"https:\/\/www.idsp.fr\/fr\/idsp-chor-orchester-recherche-de-nouveaux-talents\/","og_site_name":"iDSP - La Schule - Internationale Deutsche Schule Paris","article_published_time":"2026-01-26T18:35:34+00:00","article_modified_time":"2026-01-26T18:36:27+00:00","og_image":[{"width":724,"height":1024,"url":"https:\/\/www.idsp.fr\/wp-content\/uploads\/2026\/01\/Chor_Orchester_Visual.webp","type":"image\/webp"}],"author":"andrea","twitter_card":"summary_large_image","twitter_misc":{"\u00c9crit par":"andrea","Dur\u00e9e de lecture estim\u00e9e":"2 minutes"},"schema":{"@context":"https:\/\/schema.org","@graph":[{"@type":"Article","@id":"https:\/\/www.idsp.fr\/fr\/idsp-chor-orchester-recherche-de-nouveaux-talents\/#article","isPartOf":{"@id":"https:\/\/www.idsp.fr\/fr\/idsp-chor-orchester-recherche-de-nouveaux-talents\/"},"author":{"name":"andrea","@id":"https:\/\/www.idsp.fr\/#\/schema\/person\/c1532c6d2fcf02dac94e5c52a037161c"},"headline":"iDSP Chor &#038; Orchester recherche de nouveaux talents !","datePublished":"2026-01-26T18:35:34+00:00","dateModified":"2026-01-26T18:36:27+00:00","mainEntityOfPage":{"@id":"https:\/\/www.idsp.fr\/fr\/idsp-chor-orchester-recherche-de-nouveaux-talents\/"},"wordCount":678,"image":{"@id":"https:\/\/www.idsp.fr\/fr\/idsp-chor-orchester-recherche-de-nouveaux-talents\/#primaryimage"},"thumbnailUrl":"https:\/\/www.idsp.fr\/wp-content\/uploads\/2026\/01\/Chor_Orchester_Visual.webp","articleSection":["Actualit\u00e9s du secondaire","Actualit\u00e9s iDSP"],"inLanguage":"fr-FR"},{"@type":"WebPage","@id":"https:\/\/www.idsp.fr\/fr\/idsp-chor-orchester-recherche-de-nouveaux-talents\/","url":"https:\/\/www.idsp.fr\/fr\/idsp-chor-orchester-recherche-de-nouveaux-talents\/","name":"iDSP Chor & Orchester recherche de nouveaux talents ! - iDSP - La Schule - Internationale Deutsche Schule Paris","isPartOf":{"@id":"https:\/\/www.idsp.fr\/#website"},"primaryImageOfPage":{"@id":"https:\/\/www.idsp.fr\/fr\/idsp-chor-orchester-recherche-de-nouveaux-talents\/#primaryimage"},"image":{"@id":"https:\/\/www.idsp.fr\/fr\/idsp-chor-orchester-recherche-de-nouveaux-talents\/#primaryimage"},"thumbnailUrl":"https:\/\/www.idsp.fr\/wp-content\/uploads\/2026\/01\/Chor_Orchester_Visual.webp","datePublished":"2026-01-26T18:35:34+00:00","dateModified":"2026-01-26T18:36:27+00:00","author":{"@id":"https:\/\/www.idsp.fr\/#\/schema\/person\/c1532c6d2fcf02dac94e5c52a037161c"},"breadcrumb":{"@id":"https:\/\/www.idsp.fr\/fr\/idsp-chor-orchester-recherche-de-nouveaux-talents\/#breadcrumb"},"inLanguage":"fr-FR","potentialAction":[{"@type":"ReadAction","target":["https:\/\/www.idsp.fr\/fr\/idsp-chor-orchester-recherche-de-nouveaux-talents\/"]}]},{"@type":"ImageObject","inLanguage":"fr-FR","@id":"https:\/\/www.idsp.fr\/fr\/idsp-chor-orchester-recherche-de-nouveaux-talents\/#primaryimage","url":"https:\/\/www.idsp.fr\/wp-content\/uploads\/2026\/01\/Chor_Orchester_Visual.webp","contentUrl":"https:\/\/www.idsp.fr\/wp-content\/uploads\/2026\/01\/Chor_Orchester_Visual.webp","width":724,"height":1024},{"@type":"BreadcrumbList","@id":"https:\/\/www.idsp.fr\/fr\/idsp-chor-orchester-recherche-de-nouveaux-talents\/#breadcrumb","itemListElement":[{"@type":"ListItem","position":1,"name":"Startseite","item":"https:\/\/www.idsp.fr\/fr\/idsp-ecole-allemande-internationale-de-paris\/"},{"@type":"ListItem","position":2,"name":"iDSP Chor &#038; Orchester recherche de nouveaux talents !"}]},{"@type":"WebSite","@id":"https:\/\/www.idsp.fr\/#website","url":"https:\/\/www.idsp.fr\/","name":"iDSP - La Schule - Internationale Deutsche Schule Paris","description":"","potentialAction":[{"@type":"SearchAction","target":{"@type":"EntryPoint","urlTemplate":"https:\/\/www.idsp.fr\/?s={search_term_string}"},"query-input":{"@type":"PropertyValueSpecification","valueRequired":true,"valueName":"search_term_string"}}],"inLanguage":"fr-FR"},{"@type":"Person","@id":"https:\/\/www.idsp.fr\/#\/schema\/person\/c1532c6d2fcf02dac94e5c52a037161c","name":"andrea","sameAs":["https:\/\/www.idsp.fr"],"url":"https:\/\/www.idsp.fr\/fr\/author\/andrea\/"}]}},"_links":{"self":[{"href":"https:\/\/www.idsp.fr\/fr\/wp-json\/wp\/v2\/posts\/34212","targetHints":{"allow":["GET"]}}],"collection":[{"href":"https:\/\/www.idsp.fr\/fr\/wp-json\/wp\/v2\/posts"}],"about":[{"href":"https:\/\/www.idsp.fr\/fr\/wp-json\/wp\/v2\/types\/post"}],"author":[{"embeddable":true,"href":"https:\/\/www.idsp.fr\/fr\/wp-json\/wp\/v2\/users\/1"}],"replies":[{"embeddable":true,"href":"https:\/\/www.idsp.fr\/fr\/wp-json\/wp\/v2\/comments?post=34212"}],"version-history":[{"count":2,"href":"https:\/\/www.idsp.fr\/fr\/wp-json\/wp\/v2\/posts\/34212\/revisions"}],"predecessor-version":[{"id":34214,"href":"https:\/\/www.idsp.fr\/fr\/wp-json\/wp\/v2\/posts\/34212\/revisions\/34214"}],"wp:featuredmedia":[{"embeddable":true,"href":"https:\/\/www.idsp.fr\/fr\/wp-json\/wp\/v2\/media\/34209"}],"wp:attachment":[{"href":"https:\/\/www.idsp.fr\/fr\/wp-json\/wp\/v2\/media?parent=34212"}],"wp:term":[{"taxonomy":"category","embeddable":true,"href":"https:\/\/www.idsp.fr\/fr\/wp-json\/wp\/v2\/categories?post=34212"},{"taxonomy":"post_tag","embeddable":true,"href":"https:\/\/www.idsp.fr\/fr\/wp-json\/wp\/v2\/tags?post=34212"}],"curies":[{"name":"wp","href":"https:\/\/api.w.org\/{rel}","templated":true}]}}