{"id":33539,"date":"2025-11-25T11:24:00","date_gmt":"2025-11-25T10:24:00","guid":{"rendered":"https:\/\/www.idsp.fr\/?p=33539"},"modified":"2025-12-11T09:55:48","modified_gmt":"2025-12-11T08:55:48","slug":"leducation-politique-en-action-projet-gruenes-band","status":"publish","type":"post","link":"https:\/\/www.idsp.fr\/fr\/leducation-politique-en-action-projet-gruenes-band\/","title":{"rendered":"L\u2019\u00e9ducation politique en action\u202f: projet \u00ab\u202fGr\u00fcnes Band\u202f\u00bb"},"content":{"rendered":"\n<style type=\"text\/css\" data-created_by=\"avia_inline_auto\" id=\"style-css-av-av_section-21c48b69e22c6432fc4a661b10db35ad\">\n.avia-section.av-av_section-21c48b69e22c6432fc4a661b10db35ad{\nbackground-color:#024d7d;\nbackground-image:unset;\n}\n<\/style>\n<div id='av_section_1'  class='avia-section av-av_section-21c48b69e22c6432fc4a661b10db35ad main_color avia-section-small avia-no-border-styling  avia-builder-el-0  el_before_av_heading  avia-builder-el-first  avia-bg-style-scroll av-minimum-height av-minimum-height-custom av-height-custom  container_wrap sidebar_right'   data-av_minimum_height_px='100'><div class='container av-section-cont-open' style='height:100px'><main  role=\"main\" itemprop=\"mainContentOfPage\"  class='template-page content  av-content-small alpha units'><div class='post-entry post-entry-type-page post-entry-33539'><div class='entry-content-wrapper clearfix'>\n\n<style type=\"text\/css\" data-created_by=\"avia_inline_auto\" id=\"style-css-av-miefebxu-92b21dea3ad6387314929ecdde400f4b\">\n#top .av-special-heading.av-miefebxu-92b21dea3ad6387314929ecdde400f4b{\npadding-bottom:10px;\ncolor:#ffffff;\n}\nbody .av-special-heading.av-miefebxu-92b21dea3ad6387314929ecdde400f4b .av-special-heading-tag .heading-char{\nfont-size:25px;\n}\n.av-special-heading.av-miefebxu-92b21dea3ad6387314929ecdde400f4b .special-heading-inner-border{\nborder-color:#ffffff;\n}\n.av-special-heading.av-miefebxu-92b21dea3ad6387314929ecdde400f4b .av-subheading{\nfont-size:15px;\n}\n<\/style>\n<div  class='av-special-heading av-miefebxu-92b21dea3ad6387314929ecdde400f4b av-special-heading-h2 custom-color-heading  avia-builder-el-1  avia-builder-el-no-sibling '><h2 class='av-special-heading-tag '  itemprop=\"headline\"  >Actualit\u00e9s du secondaire<\/h2><div class=\"special-heading-border\"><div class=\"special-heading-inner-border\"><\/div><\/div><\/div>\n<\/div><\/div><\/main><!-- close content main element --><\/div><\/div><div id='after_section_1'  class='main_color av_default_container_wrap container_wrap sidebar_right'  ><div class='container av-section-cont-open' ><div class='template-page content  av-content-small alpha units'><div class='post-entry post-entry-type-page post-entry-33539'><div class='entry-content-wrapper clearfix'>\n\n<style type=\"text\/css\" data-created_by=\"avia_inline_auto\" id=\"style-css-av-miefhlpy-505af5a5b20f5ea4de53817e7d8789ce\">\n#top .av-special-heading.av-miefhlpy-505af5a5b20f5ea4de53817e7d8789ce{\npadding-bottom:25px;\n}\nbody .av-special-heading.av-miefhlpy-505af5a5b20f5ea4de53817e7d8789ce .av-special-heading-tag .heading-char{\nfont-size:25px;\n}\n.av-special-heading.av-miefhlpy-505af5a5b20f5ea4de53817e7d8789ce .av-subheading{\nfont-size:15px;\n}\n<\/style>\n<div  class='av-special-heading av-miefhlpy-505af5a5b20f5ea4de53817e7d8789ce av-special-heading-h1 blockquote modern-quote  avia-builder-el-2  el_after_av_section  el_before_av_one_full  avia-builder-el-first '><h1 class='av-special-heading-tag '  itemprop=\"headline\"  >L\u2019\u00e9ducation politique en action\u202f: projet \u00ab\u202fGr\u00fcnes Band\u202f\u00bb <\/h1><div class='av-subheading av-subheading_below'><p>de Tino Eberhardt<\/p>\n<\/div><div class=\"special-heading-border\"><div class=\"special-heading-inner-border\"><\/div><\/div><\/div>\n<div  class='flex_column av-av_one_full-a2cef933b0a555f25d1e39b22a8e9dae av_one_full  avia-builder-el-3  el_after_av_heading  el_before_av_hr  first flex_column_div  '     ><div id='av-masonry-1' class='av-masonry av-mipptadr-c49f6a164036b66f2993b8cde6711e09 noHover av-fixed-size av-1px-gap av-hover-overlay- av-masonry-animation-active av-masonry-col-4 av-caption-always av-caption-style- av-masonry-gallery ' data-post_id=\"33539\"><div class=\"av-masonry-container isotope av-js-disabled\"><div class='av-masonry-entry isotope-item av-masonry-item-no-image '><\/div><a href=\"https:\/\/www.idsp.fr\/wp-content\/uploads\/2025\/11\/Bild-Aula-1030x569.webp\" data-srcset=\"https:\/\/www.idsp.fr\/wp-content\/uploads\/2025\/11\/Bild-Aula-1030x569.webp 1030w, https:\/\/www.idsp.fr\/wp-content\/uploads\/2025\/11\/Bild-Aula-340x188.webp 340w, https:\/\/www.idsp.fr\/wp-content\/uploads\/2025\/11\/Bild-Aula-768x424.webp 768w, https:\/\/www.idsp.fr\/wp-content\/uploads\/2025\/11\/Bild-Aula-705x389.webp 705w, https:\/\/www.idsp.fr\/wp-content\/uploads\/2025\/11\/Bild-Aula.webp 1280w\" data-sizes=\"(max-width: 1030px) 100vw, 1030px\"  aria-label=\"image Bild Aula\"  id='av-masonry-1-item-33525' data-av-masonry-item='33525' class='av-masonry-entry isotope-item post-33525 attachment type-attachment status-inherit hentry  av-masonry-item-with-image' title=\"Bild Aula\" alt=\"\"    itemprop=\"thumbnailUrl\" ><div class='av-inner-masonry-sizer'><\/div><figure class='av-inner-masonry main_color'><div class=\"av-masonry-outerimage-container\"><div class='av-masonry-image-container' style=\"background-image: url(https:\/\/www.idsp.fr\/wp-content\/uploads\/2025\/11\/Bild-Aula-705x389.webp);\"  title=\"Bild Aula\" ><\/div><\/div><\/figure><\/a><!--end av-masonry entry--><a href=\"https:\/\/www.idsp.fr\/wp-content\/uploads\/2025\/11\/Bild_Deep_Fakes_Plakatt-1030x727.webp\" data-srcset=\"https:\/\/www.idsp.fr\/wp-content\/uploads\/2025\/11\/Bild_Deep_Fakes_Plakatt-1030x727.webp 1030w, https:\/\/www.idsp.fr\/wp-content\/uploads\/2025\/11\/Bild_Deep_Fakes_Plakatt-340x240.webp 340w, https:\/\/www.idsp.fr\/wp-content\/uploads\/2025\/11\/Bild_Deep_Fakes_Plakatt-768x542.webp 768w, https:\/\/www.idsp.fr\/wp-content\/uploads\/2025\/11\/Bild_Deep_Fakes_Plakatt-260x185.webp 260w, https:\/\/www.idsp.fr\/wp-content\/uploads\/2025\/11\/Bild_Deep_Fakes_Plakatt-705x497.webp 705w, https:\/\/www.idsp.fr\/wp-content\/uploads\/2025\/11\/Bild_Deep_Fakes_Plakatt.webp 1280w\" data-sizes=\"(max-width: 1030px) 100vw, 1030px\"  aria-label=\"image Bild_Deep_Fakes_Plakatt\"  id='av-masonry-1-item-33527' data-av-masonry-item='33527' class='av-masonry-entry isotope-item post-33527 attachment type-attachment status-inherit hentry  av-masonry-item-with-image' title=\"Bild_Deep_Fakes_Plakatt\" alt=\"\"    itemprop=\"thumbnailUrl\" ><div class='av-inner-masonry-sizer'><\/div><figure class='av-inner-masonry main_color'><div class=\"av-masonry-outerimage-container\"><div class='av-masonry-image-container' style=\"background-image: url(https:\/\/www.idsp.fr\/wp-content\/uploads\/2025\/11\/Bild_Deep_Fakes_Plakatt-705x497.webp);\"  title=\"Bild_Deep_Fakes_Plakatt\" ><\/div><\/div><\/figure><\/a><!--end av-masonry entry--><a href=\"https:\/\/www.idsp.fr\/wp-content\/uploads\/2025\/11\/Bild_Gruppenarbeit-842x1030.webp\" data-srcset=\"https:\/\/www.idsp.fr\/wp-content\/uploads\/2025\/11\/Bild_Gruppenarbeit-842x1030.webp 842w, https:\/\/www.idsp.fr\/wp-content\/uploads\/2025\/11\/Bild_Gruppenarbeit-261x320.webp 261w, https:\/\/www.idsp.fr\/wp-content\/uploads\/2025\/11\/Bild_Gruppenarbeit-768x940.webp 768w, https:\/\/www.idsp.fr\/wp-content\/uploads\/2025\/11\/Bild_Gruppenarbeit-576x705.webp 576w, https:\/\/www.idsp.fr\/wp-content\/uploads\/2025\/11\/Bild_Gruppenarbeit.webp 960w\" data-sizes=\"(max-width: 842px) 100vw, 842px\"  aria-label=\"image Bild_Gruppenarbeit\"  id='av-masonry-1-item-33529' data-av-masonry-item='33529' class='av-masonry-entry isotope-item post-33529 attachment type-attachment status-inherit hentry  av-masonry-item-with-image' title=\"Bild_Gruppenarbeit\" alt=\"\"    itemprop=\"thumbnailUrl\" ><div class='av-inner-masonry-sizer'><\/div><figure class='av-inner-masonry main_color'><div class=\"av-masonry-outerimage-container\"><div class='av-masonry-image-container' style=\"background-image: url(https:\/\/www.idsp.fr\/wp-content\/uploads\/2025\/11\/Bild_Gruppenarbeit-576x705.webp);\"  title=\"Bild_Gruppenarbeit\" ><\/div><\/div><\/figure><\/a><!--end av-masonry entry--><a href=\"https:\/\/www.idsp.fr\/wp-content\/uploads\/2025\/11\/Gruenes-Band-Siegergruppe.webp\" data-srcset=\"https:\/\/www.idsp.fr\/wp-content\/uploads\/2025\/11\/Gruenes-Band-Siegergruppe.webp 697w, https:\/\/www.idsp.fr\/wp-content\/uploads\/2025\/11\/Gruenes-Band-Siegergruppe-340x240.webp 340w, https:\/\/www.idsp.fr\/wp-content\/uploads\/2025\/11\/Gruenes-Band-Siegergruppe-260x185.webp 260w\" data-sizes=\"(max-width: 697px) 100vw, 697px\"  aria-label=\"image Gru\u0308nes Band Siegergruppe\"  id='av-masonry-1-item-33531' data-av-masonry-item='33531' class='av-masonry-entry isotope-item post-33531 attachment type-attachment status-inherit hentry  av-masonry-item-with-image' title=\"Gru\u0308nes Band Siegergruppe\" alt=\"\"    itemprop=\"thumbnailUrl\" ><div class='av-inner-masonry-sizer'><\/div><figure class='av-inner-masonry main_color'><div class=\"av-masonry-outerimage-container\"><div class='av-masonry-image-container' style=\"background-image: url(https:\/\/www.idsp.fr\/wp-content\/uploads\/2025\/11\/Gruenes-Band-Siegergruppe.webp);\"  title=\"Gru\u0308nes Band Siegergruppe\" ><\/div><\/div><\/figure><\/a><!--end av-masonry entry--><\/div><\/div><\/div>\n\n<style type=\"text\/css\" data-created_by=\"avia_inline_auto\" id=\"style-css-av-av_hr-02349c1beab2949c090bc0e85b87d63d\">\n#top .hr.hr-invisible.av-av_hr-02349c1beab2949c090bc0e85b87d63d{\nheight:20px;\n}\n<\/style>\n<div  class='hr av-av_hr-02349c1beab2949c090bc0e85b87d63d hr-invisible  avia-builder-el-5  el_after_av_one_full  el_before_av_textblock '><span class='hr-inner '><span class=\"hr-inner-style\"><\/span><\/span><\/div>\n<section  class='av_textblock_section av-miefg94m-c6388a05336a88e256192e01bcca5eb2 '   itemscope=\"itemscope\" itemtype=\"https:\/\/schema.org\/BlogPosting\" itemprop=\"blogPost\" ><div class='avia_textblock'  itemprop=\"text\" ><p>Cette ann\u00e9e, l\u2019iDSP participe pour la premi\u00e8re fois au concours de la Bundeszentrale f\u00fcr politische Bildung dans le cadre du projet \u00ab <strong>Gr\u00fcnes Band<\/strong> \u00bb. Pendant cinq semaines, les \u00e9l\u00e8ves des classes 9 et 10 (=3eme et 2de) ont travaill\u00e9 en neuf groupes sur diff\u00e9rents th\u00e8mes d\u2019\u00e9ducation politique.<\/p>\n<p>Le 12 novembre, chaque groupe a pr\u00e9sent\u00e9 le r\u00e9sultat de son travail devant l\u2019ensemble de la communaut\u00e9 scolaire : films, affiches, expos\u00e9s et cr\u00e9ations originales. Le projet \u00ab <strong>Deepfakes \u2013 ma, ta, notre responsabilit\u00e9 ?<\/strong> \u00bb a remport\u00e9 une victoire claire. Les \u00e9valuations ont \u00e9t\u00e9 assur\u00e9es par une \u00e9quipe d\u2019enseignants ainsi que par des \u00e9l\u00e8ves des classes 11 et 12 (=1\u00e8re et terminale).<\/p>\n<p>L\u2019\u00e9quipe gagnante \u2013<strong> Mira, Karina et Claire (10a = 2de), ainsi qu\u2019Anastasia et Valentine (9a = 3eme)<\/strong> \u2013 a marqu\u00e9 les esprits par une pr\u00e9sentation percutante et convaincante.<\/p>\n<p><strong>Ranking des groupes :<\/strong><br \/>\n1. Deepfakes \u2013 meine, deine, unsere Verantwortung? (Gruppe 4)<br \/>\n2. Politik Aktuell (Gruppe 7)<br \/>\n3. Algorithmen: Wie beeinflussen sie unsere Informationsnutzung? (Gruppe 8)<\/p>\n<p><strong>Ranking des \u00e9l\u00e8ves :<\/strong><br \/>\n1. Sophia (Klasse 9)<br \/>\n2. Luca, Mira, Karina (Klasse 10)<br \/>\n3. Nina (Klasse 9)<\/p>\n<p>Encadr\u00e9 par <strong>Madame Enssle, Madame Becker, Madame Michael et Monsieur Eberhardt<\/strong>, le projet a \u00e9t\u00e9 un franc succ\u00e8s. L\u2019iDSP souhaite bonne chance \u00e0 l\u2019\u00e9quipe laur\u00e9ate pour la suite du concours et esp\u00e8re renouveler l\u2019exp\u00e9rience l\u2019an prochain !<\/p>\n<\/div><\/section>\n","protected":false},"excerpt":{"rendered":"","protected":false},"author":1,"featured_media":33527,"comment_status":"closed","ping_status":"closed","sticky":false,"template":"","format":"standard","meta":{"footnotes":""},"categories":[22,23],"tags":[],"class_list":["post-33539","post","type-post","status-publish","format-standard","has-post-thumbnail","hentry","category-actualites-secondaire","category-actualites-idsp"],"yoast_head":"<!-- This site is optimized with the Yoast SEO plugin v27.4 - https:\/\/yoast.com\/product\/yoast-seo-wordpress\/ -->\n<title>L\u2019\u00e9ducation politique en action\u202f: projet \u00ab\u202fGr\u00fcnes Band\u202f\u00bb - iDSP - La Schule - Internationale Deutsche Schule Paris<\/title>\n<meta name=\"robots\" content=\"index, follow, max-snippet:-1, max-image-preview:large, max-video-preview:-1\" \/>\n<link rel=\"canonical\" href=\"https:\/\/www.idsp.fr\/fr\/leducation-politique-en-action-projet-gruenes-band\/\" \/>\n<meta property=\"og:locale\" content=\"fr_FR\" \/>\n<meta property=\"og:type\" content=\"article\" \/>\n<meta property=\"og:title\" content=\"L\u2019\u00e9ducation politique en action\u202f: projet \u00ab\u202fGr\u00fcnes Band\u202f\u00bb - iDSP - La Schule - Internationale Deutsche Schule Paris\" \/>\n<meta property=\"og:url\" content=\"https:\/\/www.idsp.fr\/fr\/leducation-politique-en-action-projet-gruenes-band\/\" \/>\n<meta property=\"og:site_name\" content=\"iDSP - La Schule - Internationale Deutsche Schule Paris\" \/>\n<meta property=\"article:published_time\" content=\"2025-11-25T10:24:00+00:00\" \/>\n<meta property=\"article:modified_time\" content=\"2025-12-11T08:55:48+00:00\" \/>\n<meta property=\"og:image\" content=\"https:\/\/www.idsp.fr\/wp-content\/uploads\/2025\/11\/Bild_Deep_Fakes_Plakatt.webp\" \/>\n\t<meta property=\"og:image:width\" content=\"1280\" \/>\n\t<meta property=\"og:image:height\" content=\"903\" \/>\n\t<meta property=\"og:image:type\" content=\"image\/jpeg\" \/>\n<meta name=\"author\" content=\"andrea\" \/>\n<meta name=\"twitter:card\" content=\"summary_large_image\" \/>\n<meta name=\"twitter:label1\" content=\"\u00c9crit par\" \/>\n\t<meta name=\"twitter:data1\" content=\"andrea\" \/>\n\t<meta name=\"twitter:label2\" content=\"Dur\u00e9e de lecture estim\u00e9e\" \/>\n\t<meta name=\"twitter:data2\" content=\"2 minutes\" \/>\n<script type=\"application\/ld+json\" class=\"yoast-schema-graph\">{\"@context\":\"https:\\\/\\\/schema.org\",\"@graph\":[{\"@type\":\"Article\",\"@id\":\"https:\\\/\\\/www.idsp.fr\\\/fr\\\/leducation-politique-en-action-projet-gruenes-band\\\/#article\",\"isPartOf\":{\"@id\":\"https:\\\/\\\/www.idsp.fr\\\/fr\\\/leducation-politique-en-action-projet-gruenes-band\\\/\"},\"author\":{\"name\":\"andrea\",\"@id\":\"https:\\\/\\\/www.idsp.fr\\\/#\\\/schema\\\/person\\\/c1532c6d2fcf02dac94e5c52a037161c\"},\"headline\":\"L\u2019\u00e9ducation politique en action\u202f: projet \u00ab\u202fGr\u00fcnes Band\u202f\u00bb\",\"datePublished\":\"2025-11-25T10:24:00+00:00\",\"dateModified\":\"2025-12-11T08:55:48+00:00\",\"mainEntityOfPage\":{\"@id\":\"https:\\\/\\\/www.idsp.fr\\\/fr\\\/leducation-politique-en-action-projet-gruenes-band\\\/\"},\"wordCount\":1193,\"image\":{\"@id\":\"https:\\\/\\\/www.idsp.fr\\\/fr\\\/leducation-politique-en-action-projet-gruenes-band\\\/#primaryimage\"},\"thumbnailUrl\":\"https:\\\/\\\/www.idsp.fr\\\/wp-content\\\/uploads\\\/2025\\\/11\\\/Bild_Deep_Fakes_Plakatt.webp\",\"articleSection\":[\"Actualit\u00e9s du secondaire\",\"Actualit\u00e9s iDSP\"],\"inLanguage\":\"fr-FR\"},{\"@type\":\"WebPage\",\"@id\":\"https:\\\/\\\/www.idsp.fr\\\/fr\\\/leducation-politique-en-action-projet-gruenes-band\\\/\",\"url\":\"https:\\\/\\\/www.idsp.fr\\\/fr\\\/leducation-politique-en-action-projet-gruenes-band\\\/\",\"name\":\"L\u2019\u00e9ducation politique en action\u202f: projet \u00ab\u202fGr\u00fcnes Band\u202f\u00bb - iDSP - La Schule - Internationale Deutsche Schule Paris\",\"isPartOf\":{\"@id\":\"https:\\\/\\\/www.idsp.fr\\\/#website\"},\"primaryImageOfPage\":{\"@id\":\"https:\\\/\\\/www.idsp.fr\\\/fr\\\/leducation-politique-en-action-projet-gruenes-band\\\/#primaryimage\"},\"image\":{\"@id\":\"https:\\\/\\\/www.idsp.fr\\\/fr\\\/leducation-politique-en-action-projet-gruenes-band\\\/#primaryimage\"},\"thumbnailUrl\":\"https:\\\/\\\/www.idsp.fr\\\/wp-content\\\/uploads\\\/2025\\\/11\\\/Bild_Deep_Fakes_Plakatt.webp\",\"datePublished\":\"2025-11-25T10:24:00+00:00\",\"dateModified\":\"2025-12-11T08:55:48+00:00\",\"author\":{\"@id\":\"https:\\\/\\\/www.idsp.fr\\\/#\\\/schema\\\/person\\\/c1532c6d2fcf02dac94e5c52a037161c\"},\"breadcrumb\":{\"@id\":\"https:\\\/\\\/www.idsp.fr\\\/fr\\\/leducation-politique-en-action-projet-gruenes-band\\\/#breadcrumb\"},\"inLanguage\":\"fr-FR\",\"potentialAction\":[{\"@type\":\"ReadAction\",\"target\":[\"https:\\\/\\\/www.idsp.fr\\\/fr\\\/leducation-politique-en-action-projet-gruenes-band\\\/\"]}]},{\"@type\":\"ImageObject\",\"inLanguage\":\"fr-FR\",\"@id\":\"https:\\\/\\\/www.idsp.fr\\\/fr\\\/leducation-politique-en-action-projet-gruenes-band\\\/#primaryimage\",\"url\":\"https:\\\/\\\/www.idsp.fr\\\/wp-content\\\/uploads\\\/2025\\\/11\\\/Bild_Deep_Fakes_Plakatt.webp\",\"contentUrl\":\"https:\\\/\\\/www.idsp.fr\\\/wp-content\\\/uploads\\\/2025\\\/11\\\/Bild_Deep_Fakes_Plakatt.webp\",\"width\":1280,\"height\":903},{\"@type\":\"BreadcrumbList\",\"@id\":\"https:\\\/\\\/www.idsp.fr\\\/fr\\\/leducation-politique-en-action-projet-gruenes-band\\\/#breadcrumb\",\"itemListElement\":[{\"@type\":\"ListItem\",\"position\":1,\"name\":\"Startseite\",\"item\":\"https:\\\/\\\/www.idsp.fr\\\/fr\\\/idsp-ecole-allemande-internationale-de-paris\\\/\"},{\"@type\":\"ListItem\",\"position\":2,\"name\":\"L\u2019\u00e9ducation politique en action\u202f: projet \u00ab\u202fGr\u00fcnes Band\u202f\u00bb\"}]},{\"@type\":\"WebSite\",\"@id\":\"https:\\\/\\\/www.idsp.fr\\\/#website\",\"url\":\"https:\\\/\\\/www.idsp.fr\\\/\",\"name\":\"iDSP - La Schule - Internationale Deutsche Schule Paris\",\"description\":\"\",\"potentialAction\":[{\"@type\":\"SearchAction\",\"target\":{\"@type\":\"EntryPoint\",\"urlTemplate\":\"https:\\\/\\\/www.idsp.fr\\\/?s={search_term_string}\"},\"query-input\":{\"@type\":\"PropertyValueSpecification\",\"valueRequired\":true,\"valueName\":\"search_term_string\"}}],\"inLanguage\":\"fr-FR\"},{\"@type\":\"Person\",\"@id\":\"https:\\\/\\\/www.idsp.fr\\\/#\\\/schema\\\/person\\\/c1532c6d2fcf02dac94e5c52a037161c\",\"name\":\"andrea\",\"sameAs\":[\"https:\\\/\\\/www.idsp.fr\"],\"url\":\"https:\\\/\\\/www.idsp.fr\\\/fr\\\/author\\\/andrea\\\/\"}]}<\/script>\n<!-- \/ Yoast SEO plugin. -->","yoast_head_json":{"title":"L\u2019\u00e9ducation politique en action\u202f: projet \u00ab\u202fGr\u00fcnes Band\u202f\u00bb - iDSP - La Schule - Internationale Deutsche Schule Paris","robots":{"index":"index","follow":"follow","max-snippet":"max-snippet:-1","max-image-preview":"max-image-preview:large","max-video-preview":"max-video-preview:-1"},"canonical":"https:\/\/www.idsp.fr\/fr\/leducation-politique-en-action-projet-gruenes-band\/","og_locale":"fr_FR","og_type":"article","og_title":"L\u2019\u00e9ducation politique en action\u202f: projet \u00ab\u202fGr\u00fcnes Band\u202f\u00bb - iDSP - La Schule - Internationale Deutsche Schule Paris","og_url":"https:\/\/www.idsp.fr\/fr\/leducation-politique-en-action-projet-gruenes-band\/","og_site_name":"iDSP - La Schule - Internationale Deutsche Schule Paris","article_published_time":"2025-11-25T10:24:00+00:00","article_modified_time":"2025-12-11T08:55:48+00:00","og_image":[{"width":1280,"height":903,"url":"https:\/\/www.idsp.fr\/wp-content\/uploads\/2025\/11\/Bild_Deep_Fakes_Plakatt.webp","type":"image\/jpeg"}],"author":"andrea","twitter_card":"summary_large_image","twitter_misc":{"\u00c9crit par":"andrea","Dur\u00e9e de lecture estim\u00e9e":"2 minutes"},"schema":{"@context":"https:\/\/schema.org","@graph":[{"@type":"Article","@id":"https:\/\/www.idsp.fr\/fr\/leducation-politique-en-action-projet-gruenes-band\/#article","isPartOf":{"@id":"https:\/\/www.idsp.fr\/fr\/leducation-politique-en-action-projet-gruenes-band\/"},"author":{"name":"andrea","@id":"https:\/\/www.idsp.fr\/#\/schema\/person\/c1532c6d2fcf02dac94e5c52a037161c"},"headline":"L\u2019\u00e9ducation politique en action\u202f: projet \u00ab\u202fGr\u00fcnes Band\u202f\u00bb","datePublished":"2025-11-25T10:24:00+00:00","dateModified":"2025-12-11T08:55:48+00:00","mainEntityOfPage":{"@id":"https:\/\/www.idsp.fr\/fr\/leducation-politique-en-action-projet-gruenes-band\/"},"wordCount":1193,"image":{"@id":"https:\/\/www.idsp.fr\/fr\/leducation-politique-en-action-projet-gruenes-band\/#primaryimage"},"thumbnailUrl":"https:\/\/www.idsp.fr\/wp-content\/uploads\/2025\/11\/Bild_Deep_Fakes_Plakatt.webp","articleSection":["Actualit\u00e9s du secondaire","Actualit\u00e9s iDSP"],"inLanguage":"fr-FR"},{"@type":"WebPage","@id":"https:\/\/www.idsp.fr\/fr\/leducation-politique-en-action-projet-gruenes-band\/","url":"https:\/\/www.idsp.fr\/fr\/leducation-politique-en-action-projet-gruenes-band\/","name":"L\u2019\u00e9ducation politique en action\u202f: projet \u00ab\u202fGr\u00fcnes Band\u202f\u00bb - iDSP - La Schule - Internationale Deutsche Schule Paris","isPartOf":{"@id":"https:\/\/www.idsp.fr\/#website"},"primaryImageOfPage":{"@id":"https:\/\/www.idsp.fr\/fr\/leducation-politique-en-action-projet-gruenes-band\/#primaryimage"},"image":{"@id":"https:\/\/www.idsp.fr\/fr\/leducation-politique-en-action-projet-gruenes-band\/#primaryimage"},"thumbnailUrl":"https:\/\/www.idsp.fr\/wp-content\/uploads\/2025\/11\/Bild_Deep_Fakes_Plakatt.webp","datePublished":"2025-11-25T10:24:00+00:00","dateModified":"2025-12-11T08:55:48+00:00","author":{"@id":"https:\/\/www.idsp.fr\/#\/schema\/person\/c1532c6d2fcf02dac94e5c52a037161c"},"breadcrumb":{"@id":"https:\/\/www.idsp.fr\/fr\/leducation-politique-en-action-projet-gruenes-band\/#breadcrumb"},"inLanguage":"fr-FR","potentialAction":[{"@type":"ReadAction","target":["https:\/\/www.idsp.fr\/fr\/leducation-politique-en-action-projet-gruenes-band\/"]}]},{"@type":"ImageObject","inLanguage":"fr-FR","@id":"https:\/\/www.idsp.fr\/fr\/leducation-politique-en-action-projet-gruenes-band\/#primaryimage","url":"https:\/\/www.idsp.fr\/wp-content\/uploads\/2025\/11\/Bild_Deep_Fakes_Plakatt.webp","contentUrl":"https:\/\/www.idsp.fr\/wp-content\/uploads\/2025\/11\/Bild_Deep_Fakes_Plakatt.webp","width":1280,"height":903},{"@type":"BreadcrumbList","@id":"https:\/\/www.idsp.fr\/fr\/leducation-politique-en-action-projet-gruenes-band\/#breadcrumb","itemListElement":[{"@type":"ListItem","position":1,"name":"Startseite","item":"https:\/\/www.idsp.fr\/fr\/idsp-ecole-allemande-internationale-de-paris\/"},{"@type":"ListItem","position":2,"name":"L\u2019\u00e9ducation politique en action\u202f: projet \u00ab\u202fGr\u00fcnes Band\u202f\u00bb"}]},{"@type":"WebSite","@id":"https:\/\/www.idsp.fr\/#website","url":"https:\/\/www.idsp.fr\/","name":"iDSP - La Schule - Internationale Deutsche Schule Paris","description":"","potentialAction":[{"@type":"SearchAction","target":{"@type":"EntryPoint","urlTemplate":"https:\/\/www.idsp.fr\/?s={search_term_string}"},"query-input":{"@type":"PropertyValueSpecification","valueRequired":true,"valueName":"search_term_string"}}],"inLanguage":"fr-FR"},{"@type":"Person","@id":"https:\/\/www.idsp.fr\/#\/schema\/person\/c1532c6d2fcf02dac94e5c52a037161c","name":"andrea","sameAs":["https:\/\/www.idsp.fr"],"url":"https:\/\/www.idsp.fr\/fr\/author\/andrea\/"}]}},"_links":{"self":[{"href":"https:\/\/www.idsp.fr\/fr\/wp-json\/wp\/v2\/posts\/33539","targetHints":{"allow":["GET"]}}],"collection":[{"href":"https:\/\/www.idsp.fr\/fr\/wp-json\/wp\/v2\/posts"}],"about":[{"href":"https:\/\/www.idsp.fr\/fr\/wp-json\/wp\/v2\/types\/post"}],"author":[{"embeddable":true,"href":"https:\/\/www.idsp.fr\/fr\/wp-json\/wp\/v2\/users\/1"}],"replies":[{"embeddable":true,"href":"https:\/\/www.idsp.fr\/fr\/wp-json\/wp\/v2\/comments?post=33539"}],"version-history":[{"count":10,"href":"https:\/\/www.idsp.fr\/fr\/wp-json\/wp\/v2\/posts\/33539\/revisions"}],"predecessor-version":[{"id":33547,"href":"https:\/\/www.idsp.fr\/fr\/wp-json\/wp\/v2\/posts\/33539\/revisions\/33547"}],"wp:featuredmedia":[{"embeddable":true,"href":"https:\/\/www.idsp.fr\/fr\/wp-json\/wp\/v2\/media\/33527"}],"wp:attachment":[{"href":"https:\/\/www.idsp.fr\/fr\/wp-json\/wp\/v2\/media?parent=33539"}],"wp:term":[{"taxonomy":"category","embeddable":true,"href":"https:\/\/www.idsp.fr\/fr\/wp-json\/wp\/v2\/categories?post=33539"},{"taxonomy":"post_tag","embeddable":true,"href":"https:\/\/www.idsp.fr\/fr\/wp-json\/wp\/v2\/tags?post=33539"}],"curies":[{"name":"wp","href":"https:\/\/api.w.org\/{rel}","templated":true}]}}